{"id":105,"date":"2014-11-14T07:00:58","date_gmt":"2014-11-14T06:00:58","guid":{"rendered":"http:\/\/foastek.fr\/?p=105"},"modified":"2015-11-24T00:56:42","modified_gmt":"2015-11-23T23:56:42","slug":"conges-pour-evenements-familiaux","status":"publish","type":"post","link":"https:\/\/foastek.fr\/?p=105","title":{"rendered":"Cong\u00e9s pour \u00e9v\u00e9nements familiaux"},"content":{"rendered":"<p>Sauf dispositions conventionnelles plus favorables, tout salari\u00e9 b\u00e9n\u00e9ficie, sur justification et \u00e0 l&rsquo;occasion de certains \u00e9v\u00e9nements familiaux, d&rsquo;une autorisation exceptionnelle d&rsquo;absence de :<\/p>\n<ul>\n<li>4 jours pour son mariage ou pour la conclusion d&rsquo;un pacte civil de solidarit\u00e9 ;<\/li>\n<li>3 jours pour chaque naissance survenue \u00e0 son foyer ou pour l&rsquo;arriv\u00e9e d&rsquo;un enfant plac\u00e9 en vue de son adoption. Ces jours d&rsquo;absence ne se cumulent pas avec les cong\u00e9s accord\u00e9s pour ce m\u00eame enfant dans le cadre du cong\u00e9 de maternit\u00e9 ;<\/li>\n<li>2 jours pour le d\u00e9c\u00e8s d&rsquo;un enfant ;<\/li>\n<li>2 jours pour le d\u00e9c\u00e8s du conjoint ou du partenaire li\u00e9 par un pacte civil de solidarit\u00e9 ;<\/li>\n<li>1 jour pour le mariage d&rsquo;un enfant ;<\/li>\n<li>1 jour pour le d\u00e9c\u00e8s du p\u00e8re, de la m\u00e8re, du beau-p\u00e8re, de la belle-m\u00e8re, d&rsquo;un fr\u00e8re ou d&rsquo;une soeur.<\/li>\n<\/ul>\n<p>Le salari\u00e9 doit prendre son cong\u00e9 dans la p\u00e9riode o\u00f9 l&rsquo;\u00e9v\u00e9nement se produit, mais pas n\u00e9cessairement le jour m\u00eame.<\/p>\n<p>Il doit remettre un justificatif \u00e0 son employeur (selon les cas : acte de naissance de l&rsquo;enfant, acte de mariage, acte de d\u00e9c\u00e8s, etc.).<\/p>\n<p>Ces jours de cong\u00e9s sont assimil\u00e9s \u00e0 des jours de travail effectif pour le calcul du cong\u00e9 annuel.<\/p>\n<p>Les jours de cong\u00e9s sont pay\u00e9s normalement, comme s&rsquo;ils avaient \u00e9t\u00e9 travaill\u00e9s.<\/p>\n","protected":false},"excerpt":{"rendered":"<div class=\"mh-excerpt\"><p>Sauf dispositions conventionnelles plus favorables, tout salari\u00e9 b\u00e9n\u00e9ficie, sur justification et \u00e0 l&rsquo;occasion de certains \u00e9v\u00e9nements familiaux, d&rsquo;une autorisation exceptionnelle d&rsquo;absence de : 4 jours <a class=\"mh-excerpt-more\" href=\"https:\/\/foastek.fr\/?p=105\" title=\"Cong\u00e9s pour \u00e9v\u00e9nements familiaux\">[&#8230;]<\/a><\/p>\n<\/div>","protected":false},"author":1,"featured_media":0,"comment_status":"open","ping_status":"open","sticky":false,"template":"","format":"standard","meta":{"h5ap_radio_sources":[],"jetpack_post_was_ever_published":false,"_jetpack_newsletter_access":"","_jetpack_dont_email_post_to_subs":false,"_jetpack_newsletter_tier_id":0,"_jetpack_memberships_contains_paywalled_content":false,"_jetpack_memberships_contains_paid_content":false,"footnotes":"","jetpack_publicize_message":"","jetpack_publicize_feature_enabled":true,"jetpack_social_post_already_shared":false,"jetpack_social_options":{"image_generator_settings":{"template":"highway","default_image_id":0,"font":"","enabled":false},"version":2}},"categories":[2,10],"tags":[47],"class_list":["post-105","post","type-post","status-publish","format-standard","hentry","category-accueil","category-vos-droits","tag-conges"],"jetpack_publicize_connections":[],"jetpack_featured_media_url":"","jetpack_sharing_enabled":true,"jetpack_shortlink":"https:\/\/wp.me\/p77E1E-1H","jetpack-related-posts":[],"_links":{"self":[{"href":"https:\/\/foastek.fr\/index.php?rest_route=\/wp\/v2\/posts\/105","targetHints":{"allow":["GET"]}}],"collection":[{"href":"https:\/\/foastek.fr\/index.php?rest_route=\/wp\/v2\/posts"}],"about":[{"href":"https:\/\/foastek.fr\/index.php?rest_route=\/wp\/v2\/types\/post"}],"author":[{"embeddable":true,"href":"https:\/\/foastek.fr\/index.php?rest_route=\/wp\/v2\/users\/1"}],"replies":[{"embeddable":true,"href":"https:\/\/foastek.fr\/index.php?rest_route=%2Fwp%2Fv2%2Fcomments&post=105"}],"version-history":[{"count":1,"href":"https:\/\/foastek.fr\/index.php?rest_route=\/wp\/v2\/posts\/105\/revisions"}],"predecessor-version":[{"id":106,"href":"https:\/\/foastek.fr\/index.php?rest_route=\/wp\/v2\/posts\/105\/revisions\/106"}],"wp:attachment":[{"href":"https:\/\/foastek.fr\/index.php?rest_route=%2Fwp%2Fv2%2Fmedia&parent=105"}],"wp:term":[{"taxonomy":"category","embeddable":true,"href":"https:\/\/foastek.fr\/index.php?rest_route=%2Fwp%2Fv2%2Fcategories&post=105"},{"taxonomy":"post_tag","embeddable":true,"href":"https:\/\/foastek.fr\/index.php?rest_route=%2Fwp%2Fv2%2Ftags&post=105"}],"curies":[{"name":"wp","href":"https:\/\/api.w.org\/{rel}","templated":true}]}}