{"id":1070,"date":"2018-04-12T22:53:14","date_gmt":"2018-04-12T21:53:14","guid":{"rendered":"http:\/\/foastek.fr\/?p=1070"},"modified":"2023-04-15T20:55:31","modified_gmt":"2023-04-15T19:55:31","slug":"fo-astek-chsct-sud-est-elections-professionnelles-modalite-2-salaires-teletravail","status":"publish","type":"post","link":"https:\/\/foastek.fr\/?p=1070","title":{"rendered":"Newsletter FO &#8211; CHSCT Sud-Est, \u00e9lections professionnelles, modalit\u00e9 2, salaires, t\u00e9l\u00e9travail"},"content":{"rendered":"<p>Initialement, les \u00e9lections professionnelles au sein du Groupe Astek auraient d\u00fb avoir lieu en f\u00e9vrier 2018.<\/p>\n<p>Suite \u00e0 la publication des Ordonnances Macron (suppression des DP et des CHSCT), la Direction a d\u00e9cid\u00e9 d\u2019enfoncer le clou en imposant une r\u00e9duction drastique du nombre de vos repr\u00e9sentants du personnel : un seul CSE, nouvelle instance rempla\u00e7ant le CE, les DP et le CHSCT, avec seulement 21 \u00e9lus titulaires pour tout le groupe.<\/p>\n<p>Les organisations syndicales CFDT, CFTC, FO et Solidaires Informatiques ont donc saisi l\u2019Inspection du Travail afin que les futures instances de repr\u00e9sentations du personnel restent le plus proche possible des salari\u00e9s en proposant quatre CSE r\u00e9gionaux.<\/p>\n<p>Apr\u00e8s avoir rencontr\u00e9 la direction puis les syndicats en mars [&#8230;]<\/p>\n<p>Pour en savoir un peu plus, t\u00e9l\u00e9chargez le communiqu\u00e9 de la section FO Astek intitul\u00e9 \u00a0\u00bb&nbsp;<a href=\"http:\/\/foastek.fr\/index.php\/2018\/04\/12\/fo-astek-chsct-sud-est-elections-professionnelles-modalite-2-salaires-teletravail\/tract-fo-n045-chsct-se-elections-prof-modalite2-salaires-teletravail-vf\/\" rel=\"attachment wp-att-1076\">Actualit\u00e9s : Chsct Sud-Est, Elections Professionnelles, Modalit\u00e9 2, Salaires, T\u00e9l\u00e9travail<\/a> \u00a0\u00bb (pdf, 2 pages, 157 Ko).<\/p>\n","protected":false},"excerpt":{"rendered":"<div class=\"mh-excerpt\"><p>Initialement, les \u00e9lections professionnelles au sein du Groupe Astek auraient d\u00fb avoir lieu en f\u00e9vrier 2018. Suite \u00e0 la publication des Ordonnances Macron (suppression des <a class=\"mh-excerpt-more\" href=\"https:\/\/foastek.fr\/?p=1070\" title=\"Newsletter FO &#8211; CHSCT Sud-Est, \u00e9lections professionnelles, modalit\u00e9 2, salaires, t\u00e9l\u00e9travail\">[&#8230;]<\/a><\/p>\n<\/div>","protected":false},"author":1,"featured_media":0,"comment_status":"open","ping_status":"open","sticky":false,"template":"","format":"standard","meta":{"h5ap_radio_sources":[],"jetpack_post_was_ever_published":false,"_jetpack_newsletter_access":"","_jetpack_dont_email_post_to_subs":false,"_jetpack_newsletter_tier_id":0,"_jetpack_memberships_contains_paywalled_content":false,"_jetpack_memberships_contains_paid_content":false,"footnotes":"","jetpack_publicize_message":"","jetpack_publicize_feature_enabled":true,"jetpack_social_post_already_shared":true,"jetpack_social_options":{"image_generator_settings":{"template":"highway","default_image_id":0,"font":"","enabled":false},"version":2}},"categories":[2,256,4,7,10],"tags":[32,33,72],"class_list":["post-1070","post","type-post","status-publish","format-standard","hentry","category-accueil","category-astek","category-communication","category-negociations","category-vos-droits","tag-chsct","tag-elections-professionnelles","tag-negociations"],"jetpack_publicize_connections":[],"jetpack_featured_media_url":"","jetpack_sharing_enabled":true,"jetpack_shortlink":"https:\/\/wp.me\/p77E1E-hg","jetpack-related-posts":[],"_links":{"self":[{"href":"https:\/\/foastek.fr\/index.php?rest_route=\/wp\/v2\/posts\/1070","targetHints":{"allow":["GET"]}}],"collection":[{"href":"https:\/\/foastek.fr\/index.php?rest_route=\/wp\/v2\/posts"}],"about":[{"href":"https:\/\/foastek.fr\/index.php?rest_route=\/wp\/v2\/types\/post"}],"author":[{"embeddable":true,"href":"https:\/\/foastek.fr\/index.php?rest_route=\/wp\/v2\/users\/1"}],"replies":[{"embeddable":true,"href":"https:\/\/foastek.fr\/index.php?rest_route=%2Fwp%2Fv2%2Fcomments&post=1070"}],"version-history":[{"count":6,"href":"https:\/\/foastek.fr\/index.php?rest_route=\/wp\/v2\/posts\/1070\/revisions"}],"predecessor-version":[{"id":4184,"href":"https:\/\/foastek.fr\/index.php?rest_route=\/wp\/v2\/posts\/1070\/revisions\/4184"}],"wp:attachment":[{"href":"https:\/\/foastek.fr\/index.php?rest_route=%2Fwp%2Fv2%2Fmedia&parent=1070"}],"wp:term":[{"taxonomy":"category","embeddable":true,"href":"https:\/\/foastek.fr\/index.php?rest_route=%2Fwp%2Fv2%2Fcategories&post=1070"},{"taxonomy":"post_tag","embeddable":true,"href":"https:\/\/foastek.fr\/index.php?rest_route=%2Fwp%2Fv2%2Ftags&post=1070"}],"curies":[{"name":"wp","href":"https:\/\/api.w.org\/{rel}","templated":true}]}}