{"id":1264,"date":"2018-12-07T07:00:15","date_gmt":"2018-12-07T06:00:15","guid":{"rendered":"http:\/\/foastek.fr\/?p=1264"},"modified":"2023-04-15T21:05:26","modified_gmt":"2023-04-15T20:05:26","slug":"fo-astek-conges-elections-missions-odm-et-egalite-salariale","status":"publish","type":"post","link":"https:\/\/foastek.fr\/?p=1264","title":{"rendered":"Newsletter FO &#8211; Cong\u00e9s, \u00e9lections, missions, ODM et \u00e9galit\u00e9 salariale"},"content":{"rendered":"<p>Le 19 novembre dernier, la cour d\u2019appel de Boulogne-Billancourt a cass\u00e9 la d\u00e9cision de l\u2019Inspection du Travail qui avait d\u00e9termin\u00e9 qu\u2019il fallait mettre en place quatre \u00ab comit\u00e9 social et \u00e9conomique \u00bb (nouvelle instance repr\u00e9sentative du personnel) lors des prochaines \u00e9lections professionnelles au sein du groupe Astek. Par cons\u00e9quent, il n\u2019y aura qu\u2019un seul \u00ab comit\u00e9 sociale et \u00e9conomique \u00bb (CSE) pour toute la France pour assurer l\u2019ensemble des missions actuellement d\u00e9volues au Comit\u00e9 d\u2019Entreprise, aux D\u00e9l\u00e9gu\u00e9s du Personnel et au CHSCT.<br \/>\nAinsi, les missions des membres \u00e9lus du futur CSE seront donc multiples.<\/p>\n<p>[&#8230;]<\/p>\n<p>Pour en savoir un peu plus, t\u00e9l\u00e9chargez le communiqu\u00e9 de la section FO Astek intitul\u00e9 \u00a0\u00bb <a href=\"http:\/\/foastek.fr\/wp-content\/uploads\/2018\/12\/Tract-FO-N050-Cong\u00e9s-Elections-Missions-ODM-vF.pdf\">Cong\u00e9s, \u00e9lections, missions, ODM, \u00e9galit\u00e9 salariale<\/a> \u00a0\u00bb (pdf, 6 pages, 376 Ko).<\/p>\n","protected":false},"excerpt":{"rendered":"<div class=\"mh-excerpt\"><p>Le 19 novembre dernier, la cour d\u2019appel de Boulogne-Billancourt a cass\u00e9 la d\u00e9cision de l\u2019Inspection du Travail qui avait d\u00e9termin\u00e9 qu\u2019il fallait mettre en place <a class=\"mh-excerpt-more\" href=\"https:\/\/foastek.fr\/?p=1264\" title=\"Newsletter FO &#8211; Cong\u00e9s, \u00e9lections, missions, ODM et \u00e9galit\u00e9 salariale\">[&#8230;]<\/a><\/p>\n<\/div>","protected":false},"author":1,"featured_media":0,"comment_status":"open","ping_status":"open","sticky":false,"template":"","format":"standard","meta":{"h5ap_radio_sources":[],"jetpack_post_was_ever_published":false,"_jetpack_newsletter_access":"","_jetpack_dont_email_post_to_subs":false,"_jetpack_newsletter_tier_id":0,"_jetpack_memberships_contains_paywalled_content":false,"_jetpack_memberships_contains_paid_content":false,"footnotes":"","jetpack_publicize_message":"","jetpack_publicize_feature_enabled":true,"jetpack_social_post_already_shared":true,"jetpack_social_options":{"image_generator_settings":{"template":"highway","default_image_id":0,"font":"","enabled":false},"version":2}},"categories":[2,256,4,10],"tags":[47,198,197,58,155],"class_list":["post-1264","post","type-post","status-publish","format-standard","hentry","category-accueil","category-astek","category-communication","category-vos-droits","tag-conges","tag-egalite-salariale","tag-elections","tag-mission","tag-odm"],"jetpack_publicize_connections":[],"jetpack_featured_media_url":"","jetpack_sharing_enabled":true,"jetpack_shortlink":"https:\/\/wp.me\/p77E1E-ko","jetpack-related-posts":[],"_links":{"self":[{"href":"https:\/\/foastek.fr\/index.php?rest_route=\/wp\/v2\/posts\/1264","targetHints":{"allow":["GET"]}}],"collection":[{"href":"https:\/\/foastek.fr\/index.php?rest_route=\/wp\/v2\/posts"}],"about":[{"href":"https:\/\/foastek.fr\/index.php?rest_route=\/wp\/v2\/types\/post"}],"author":[{"embeddable":true,"href":"https:\/\/foastek.fr\/index.php?rest_route=\/wp\/v2\/users\/1"}],"replies":[{"embeddable":true,"href":"https:\/\/foastek.fr\/index.php?rest_route=%2Fwp%2Fv2%2Fcomments&post=1264"}],"version-history":[{"count":4,"href":"https:\/\/foastek.fr\/index.php?rest_route=\/wp\/v2\/posts\/1264\/revisions"}],"predecessor-version":[{"id":4194,"href":"https:\/\/foastek.fr\/index.php?rest_route=\/wp\/v2\/posts\/1264\/revisions\/4194"}],"wp:attachment":[{"href":"https:\/\/foastek.fr\/index.php?rest_route=%2Fwp%2Fv2%2Fmedia&parent=1264"}],"wp:term":[{"taxonomy":"category","embeddable":true,"href":"https:\/\/foastek.fr\/index.php?rest_route=%2Fwp%2Fv2%2Fcategories&post=1264"},{"taxonomy":"post_tag","embeddable":true,"href":"https:\/\/foastek.fr\/index.php?rest_route=%2Fwp%2Fv2%2Ftags&post=1264"}],"curies":[{"name":"wp","href":"https:\/\/api.w.org\/{rel}","templated":true}]}}