{"id":1409,"date":"2019-05-04T11:29:25","date_gmt":"2019-05-04T10:29:25","guid":{"rendered":"http:\/\/foastek.fr\/?p=1409"},"modified":"2019-05-04T11:29:30","modified_gmt":"2019-05-04T10:29:30","slug":"elections-professionnelles","status":"publish","type":"post","link":"https:\/\/foastek.fr\/?p=1409","title":{"rendered":"Elections professionnelles"},"content":{"rendered":"\n<p>Le 6 juin prochain, les \u00e9lections professionnelles auront lieu pour \u00e9lire vos repr\u00e9sentants au Comit\u00e9 Social et Economique du groupe Astek.<\/p>\n\n\n\n<p>Rejoint une \u00e9quipe dynamique et engag\u00e9e.<\/p>\n\n\n\n<p>Cliquez pour consulter l&rsquo;<a rel=\"noreferrer noopener\" aria-label=\"appel \u00e0 candidature (opens in a new tab)\" href=\"http:\/\/foastek.fr\/wp-content\/uploads\/2019\/05\/Appel-%C3%A0-candidature-FO-Astek-EP2019-VFinal.pdf\" target=\"_blank\">appel \u00e0 candidature<\/a> (pdf, 2 pages, 190 Ko)<\/p>\n","protected":false},"excerpt":{"rendered":"<div class=\"mh-excerpt\"><p>Le 6 juin prochain, les \u00e9lections professionnelles auront lieu pour \u00e9lire vos repr\u00e9sentants au Comit\u00e9 Social et Economique du groupe Astek. Rejoint une \u00e9quipe dynamique <a class=\"mh-excerpt-more\" href=\"https:\/\/foastek.fr\/?p=1409\" title=\"Elections professionnelles\">[&#8230;]<\/a><\/p>\n<\/div>","protected":false},"author":1,"featured_media":0,"comment_status":"open","ping_status":"open","sticky":false,"template":"","format":"standard","meta":{"h5ap_radio_sources":[],"jetpack_post_was_ever_published":false,"_jetpack_newsletter_access":"","_jetpack_dont_email_post_to_subs":false,"_jetpack_newsletter_tier_id":0,"_jetpack_memberships_contains_paywalled_content":false,"_jetpack_memberships_contains_paid_content":false,"footnotes":"","jetpack_publicize_message":"","jetpack_publicize_feature_enabled":true,"jetpack_social_post_already_shared":true,"jetpack_social_options":{"image_generator_settings":{"template":"highway","default_image_id":0,"font":"","enabled":false},"version":2}},"categories":[2,202],"tags":[167,33],"class_list":["post-1409","post","type-post","status-publish","format-standard","hentry","category-accueil","category-cse","tag-cse","tag-elections-professionnelles"],"jetpack_publicize_connections":[],"jetpack_featured_media_url":"","jetpack_sharing_enabled":true,"jetpack_shortlink":"https:\/\/wp.me\/p77E1E-mJ","jetpack-related-posts":[],"_links":{"self":[{"href":"https:\/\/foastek.fr\/index.php?rest_route=\/wp\/v2\/posts\/1409","targetHints":{"allow":["GET"]}}],"collection":[{"href":"https:\/\/foastek.fr\/index.php?rest_route=\/wp\/v2\/posts"}],"about":[{"href":"https:\/\/foastek.fr\/index.php?rest_route=\/wp\/v2\/types\/post"}],"author":[{"embeddable":true,"href":"https:\/\/foastek.fr\/index.php?rest_route=\/wp\/v2\/users\/1"}],"replies":[{"embeddable":true,"href":"https:\/\/foastek.fr\/index.php?rest_route=%2Fwp%2Fv2%2Fcomments&post=1409"}],"version-history":[{"count":1,"href":"https:\/\/foastek.fr\/index.php?rest_route=\/wp\/v2\/posts\/1409\/revisions"}],"predecessor-version":[{"id":1410,"href":"https:\/\/foastek.fr\/index.php?rest_route=\/wp\/v2\/posts\/1409\/revisions\/1410"}],"wp:attachment":[{"href":"https:\/\/foastek.fr\/index.php?rest_route=%2Fwp%2Fv2%2Fmedia&parent=1409"}],"wp:term":[{"taxonomy":"category","embeddable":true,"href":"https:\/\/foastek.fr\/index.php?rest_route=%2Fwp%2Fv2%2Fcategories&post=1409"},{"taxonomy":"post_tag","embeddable":true,"href":"https:\/\/foastek.fr\/index.php?rest_route=%2Fwp%2Fv2%2Ftags&post=1409"}],"curies":[{"name":"wp","href":"https:\/\/api.w.org\/{rel}","templated":true}]}}