{"id":1439,"date":"2019-06-06T15:14:45","date_gmt":"2019-06-06T14:14:45","guid":{"rendered":"http:\/\/foastek.fr\/?p=1439"},"modified":"2023-04-15T21:06:56","modified_gmt":"2023-04-15T20:06:56","slug":"elections-professionnelles-2019-le-declic","status":"publish","type":"post","link":"https:\/\/foastek.fr\/?p=1439","title":{"rendered":"Elections professionnelles 2019 : Le d\u00e9clic"},"content":{"rendered":"\n<p>Du 6 au 13 juin 2019, vous \u00eates appel\u00e9s \u00e0 choisir vos repr\u00e9sentants au CSE. Ce 1er tour des \u00e9lections (et uniquement le 1er tour) d\u00e9termine les organisations syndicales repr\u00e9sentatives (1) qui pourront n\u00e9gocier avec la direction, pendant les quatre prochaines ann\u00e9es, les accords d&rsquo;entreprise. <\/p>\n\n\n\n<p>Pour en savoir plus, t\u00e9l\u00e9charger la derni\u00e8re communication de FO intitul\u00e9  <a href=\"http:\/\/foastek.fr\/wp-content\/uploads\/2019\/06\/Le_Declic.pdf\">Le d\u00e9clic<\/a>  (pdf, 3 pages, 1 Mo).<\/p>\n\n\n\n<p>(1) c&rsquo;est \u00e0 dire les  organisations syndicales ayant obtenu plus de 10% des suffrages exprim\u00e9s.<\/p>\n","protected":false},"excerpt":{"rendered":"<div class=\"mh-excerpt\"><p>Du 6 au 13 juin 2019, vous \u00eates appel\u00e9s \u00e0 choisir vos repr\u00e9sentants au CSE. Ce 1er tour des \u00e9lections (et uniquement le 1er tour) <a class=\"mh-excerpt-more\" href=\"https:\/\/foastek.fr\/?p=1439\" title=\"Elections professionnelles 2019 : Le d\u00e9clic\">[&#8230;]<\/a><\/p>\n<\/div>","protected":false},"author":1,"featured_media":0,"comment_status":"open","ping_status":"open","sticky":false,"template":"","format":"standard","meta":{"h5ap_radio_sources":[],"jetpack_post_was_ever_published":false,"_jetpack_newsletter_access":"","_jetpack_dont_email_post_to_subs":false,"_jetpack_newsletter_tier_id":0,"_jetpack_memberships_contains_paywalled_content":false,"_jetpack_memberships_contains_paid_content":false,"footnotes":"","jetpack_publicize_message":"","jetpack_publicize_feature_enabled":true,"jetpack_social_post_already_shared":true,"jetpack_social_options":{"image_generator_settings":{"template":"highway","default_image_id":0,"font":"","enabled":false},"version":2}},"categories":[2,256,4,202],"tags":[33],"class_list":["post-1439","post","type-post","status-publish","format-standard","hentry","category-accueil","category-astek","category-communication","category-cse","tag-elections-professionnelles"],"jetpack_publicize_connections":[],"jetpack_featured_media_url":"","jetpack_sharing_enabled":true,"jetpack_shortlink":"https:\/\/wp.me\/p77E1E-nd","jetpack-related-posts":[],"_links":{"self":[{"href":"https:\/\/foastek.fr\/index.php?rest_route=\/wp\/v2\/posts\/1439","targetHints":{"allow":["GET"]}}],"collection":[{"href":"https:\/\/foastek.fr\/index.php?rest_route=\/wp\/v2\/posts"}],"about":[{"href":"https:\/\/foastek.fr\/index.php?rest_route=\/wp\/v2\/types\/post"}],"author":[{"embeddable":true,"href":"https:\/\/foastek.fr\/index.php?rest_route=\/wp\/v2\/users\/1"}],"replies":[{"embeddable":true,"href":"https:\/\/foastek.fr\/index.php?rest_route=%2Fwp%2Fv2%2Fcomments&post=1439"}],"version-history":[{"count":4,"href":"https:\/\/foastek.fr\/index.php?rest_route=\/wp\/v2\/posts\/1439\/revisions"}],"predecessor-version":[{"id":1443,"href":"https:\/\/foastek.fr\/index.php?rest_route=\/wp\/v2\/posts\/1439\/revisions\/1443"}],"wp:attachment":[{"href":"https:\/\/foastek.fr\/index.php?rest_route=%2Fwp%2Fv2%2Fmedia&parent=1439"}],"wp:term":[{"taxonomy":"category","embeddable":true,"href":"https:\/\/foastek.fr\/index.php?rest_route=%2Fwp%2Fv2%2Fcategories&post=1439"},{"taxonomy":"post_tag","embeddable":true,"href":"https:\/\/foastek.fr\/index.php?rest_route=%2Fwp%2Fv2%2Ftags&post=1439"}],"curies":[{"name":"wp","href":"https:\/\/api.w.org\/{rel}","templated":true}]}}