{"id":1664,"date":"2020-04-07T11:00:22","date_gmt":"2020-04-07T10:00:22","guid":{"rendered":"http:\/\/foastek.fr\/?p=1664"},"modified":"2023-11-02T00:41:47","modified_gmt":"2023-11-01T23:41:47","slug":"coronavirus-activite-economique-au-ralenti-chez-amadeus-un-des-plus-gros-employeurs-de-la-cote-dazur","status":"publish","type":"post","link":"https:\/\/foastek.fr\/?p=1664","title":{"rendered":"[France 3] \u00ab\u00a0Coronavirus : activit\u00e9 \u00e9conomique au ralenti chez Amadeus, un des plus gros employeurs de la C\u00f4te d&rsquo;Azur"},"content":{"rendered":"\n<p>Salari\u00e9s en t\u00e9l\u00e9travail, projets suspendus&#8230; Le groupe espagnol Amadeus  s&rsquo;organise face \u00e0 l&rsquo;\u00e9pid\u00e9mie de Covid-19. Les syndicats s&rsquo;inqui\u00e8tent  pour l&#8217;emploi des sous-traitants en particulier \u00e0 Sophia-Antipolis. <\/p>\n\n\n\n<p>Lire l&rsquo;<a href=\"https:\/\/france3-regions.francetvinfo.fr\/provence-alpes-cote-d-azur\/alpes-maritimes\/coronavirus-activite-economique-au-ralenti-amadeus-plus-gros-employeurs-cote-azur-1812174.html\">article de France 3 Provence Alpes C\u00f4te d&rsquo;Azur<\/a>.<\/p>\n","protected":false},"excerpt":{"rendered":"<div class=\"mh-excerpt\"><p>Salari\u00e9s en t\u00e9l\u00e9travail, projets suspendus&#8230; Le groupe espagnol Amadeus s&rsquo;organise face \u00e0 l&rsquo;\u00e9pid\u00e9mie de Covid-19. Les syndicats s&rsquo;inqui\u00e8tent pour l&#8217;emploi des sous-traitants en particulier \u00e0 <a class=\"mh-excerpt-more\" href=\"https:\/\/foastek.fr\/?p=1664\" title=\"[France 3] \u00ab\u00a0Coronavirus : activit\u00e9 \u00e9conomique au ralenti chez Amadeus, un des plus gros employeurs de la C\u00f4te d&rsquo;Azur\">[&#8230;]<\/a><\/p>\n<\/div>","protected":false},"author":1,"featured_media":1855,"comment_status":"open","ping_status":"open","sticky":false,"template":"","format":"standard","meta":{"h5ap_radio_sources":[],"jetpack_post_was_ever_published":false,"_jetpack_newsletter_access":"","_jetpack_dont_email_post_to_subs":false,"_jetpack_newsletter_tier_id":0,"_jetpack_memberships_contains_paywalled_content":false,"_jetpack_memberships_contains_paid_content":false,"footnotes":"","jetpack_publicize_message":"","jetpack_publicize_feature_enabled":true,"jetpack_social_post_already_shared":true,"jetpack_social_options":{"image_generator_settings":{"template":"highway","default_image_id":0,"font":"","enabled":false},"version":2}},"categories":[2,256,8],"tags":[213,22],"class_list":["post-1664","post","type-post","status-publish","format-standard","has-post-thumbnail","hentry","category-accueil","category-astek","category-presse","tag-covid19","tag-licenciement"],"jetpack_publicize_connections":[],"jetpack_featured_media_url":"https:\/\/i0.wp.com\/foastek.fr\/wp-content\/uploads\/2020\/06\/OIPUXEWB4JV.jpg?fit=314%2C184&ssl=1","jetpack_sharing_enabled":true,"jetpack_shortlink":"https:\/\/wp.me\/p77E1E-qQ","jetpack-related-posts":[],"_links":{"self":[{"href":"https:\/\/foastek.fr\/index.php?rest_route=\/wp\/v2\/posts\/1664","targetHints":{"allow":["GET"]}}],"collection":[{"href":"https:\/\/foastek.fr\/index.php?rest_route=\/wp\/v2\/posts"}],"about":[{"href":"https:\/\/foastek.fr\/index.php?rest_route=\/wp\/v2\/types\/post"}],"author":[{"embeddable":true,"href":"https:\/\/foastek.fr\/index.php?rest_route=\/wp\/v2\/users\/1"}],"replies":[{"embeddable":true,"href":"https:\/\/foastek.fr\/index.php?rest_route=%2Fwp%2Fv2%2Fcomments&post=1664"}],"version-history":[{"count":5,"href":"https:\/\/foastek.fr\/index.php?rest_route=\/wp\/v2\/posts\/1664\/revisions"}],"predecessor-version":[{"id":4826,"href":"https:\/\/foastek.fr\/index.php?rest_route=\/wp\/v2\/posts\/1664\/revisions\/4826"}],"wp:featuredmedia":[{"embeddable":true,"href":"https:\/\/foastek.fr\/index.php?rest_route=\/wp\/v2\/media\/1855"}],"wp:attachment":[{"href":"https:\/\/foastek.fr\/index.php?rest_route=%2Fwp%2Fv2%2Fmedia&parent=1664"}],"wp:term":[{"taxonomy":"category","embeddable":true,"href":"https:\/\/foastek.fr\/index.php?rest_route=%2Fwp%2Fv2%2Fcategories&post=1664"},{"taxonomy":"post_tag","embeddable":true,"href":"https:\/\/foastek.fr\/index.php?rest_route=%2Fwp%2Fv2%2Ftags&post=1664"}],"curies":[{"name":"wp","href":"https:\/\/api.w.org\/{rel}","templated":true}]}}