{"id":1691,"date":"2020-05-20T21:02:26","date_gmt":"2020-05-20T20:02:26","guid":{"rendered":"http:\/\/foastek.fr\/?p=1691"},"modified":"2023-11-02T00:41:00","modified_gmt":"2023-11-01T23:41:00","slug":"nice-matin-fin-de-periode-dessai-licenciements-mobilises-des-employes-dastek-denoncent-des-pratiques-quils-jugent-illegales","status":"publish","type":"post","link":"https:\/\/foastek.fr\/?p=1691","title":{"rendered":"[Nice Matin] Fin de p\u00e9riode d&rsquo;essai, licenciements&#8230; Mobilis\u00e9s, des employ\u00e9s d\u2019Astek d\u00e9noncent des pratiques qu&rsquo;ils jugent ill\u00e9gales"},"content":{"rendered":"\n<figure class=\"wp-block-image size-large\"><img data-recalc-dims=\"1\" loading=\"lazy\" decoding=\"async\" width=\"206\" height=\"162\" data-attachment-id=\"1842\" data-permalink=\"https:\/\/foastek.fr\/?attachment_id=1842\" data-orig-file=\"https:\/\/i0.wp.com\/foastek.fr\/wp-content\/uploads\/2020\/06\/OIPFKRTJD90.jpg?fit=206%2C162&amp;ssl=1\" data-orig-size=\"206,162\" data-comments-opened=\"1\" data-image-meta=\"{&quot;aperture&quot;:&quot;0&quot;,&quot;credit&quot;:&quot;&quot;,&quot;camera&quot;:&quot;&quot;,&quot;caption&quot;:&quot;&quot;,&quot;created_timestamp&quot;:&quot;0&quot;,&quot;copyright&quot;:&quot;&quot;,&quot;focal_length&quot;:&quot;0&quot;,&quot;iso&quot;:&quot;0&quot;,&quot;shutter_speed&quot;:&quot;0&quot;,&quot;title&quot;:&quot;&quot;,&quot;orientation&quot;:&quot;0&quot;}\" data-image-title=\"OIPFKRTJD90\" data-image-description=\"\" data-image-caption=\"\" data-large-file=\"https:\/\/i0.wp.com\/foastek.fr\/wp-content\/uploads\/2020\/06\/OIPFKRTJD90.jpg?fit=206%2C162&amp;ssl=1\" src=\"https:\/\/i0.wp.com\/foastek.fr\/wp-content\/uploads\/2020\/06\/OIPFKRTJD90.jpg?resize=206%2C162\" alt=\"\" class=\"wp-image-1842\"\/><\/figure>\n\n\n\n<p>Ce matin, des salari\u00e9s d&rsquo;Astek se sont r\u00e9unis devant l&rsquo;agence de Biot pour d\u00e9noncer la situation.<\/p>\n\n\n\n<p><a href=\"https:\/\/www.nicematin.com\/faits-de-societe\/fin-de-periode-dessai-licenciements-mobilises-des-employes-dastek-denoncent-des-pratiques-quils-jugent-illegales-513594\">https:\/\/www.nicematin.com\/faits-de-societe\/fin-de-periode-dessai-licenciements-mobilises-des-employes-dastek-denoncent-des-pratiques-quils-jugent-illegales-513594<\/a><\/p>\n","protected":false},"excerpt":{"rendered":"<div class=\"mh-excerpt\"><p>Ce matin, des salari\u00e9s d&rsquo;Astek se sont r\u00e9unis devant l&rsquo;agence de Biot pour d\u00e9noncer la situation. https:\/\/www.nicematin.com\/faits-de-societe\/fin-de-periode-dessai-licenciements-mobilises-des-employes-dastek-denoncent-des-pratiques-quils-jugent-illegales-513594<\/p>\n<\/div>","protected":false},"author":1,"featured_media":1842,"comment_status":"open","ping_status":"open","sticky":false,"template":"","format":"standard","meta":{"h5ap_radio_sources":[],"jetpack_post_was_ever_published":false,"_jetpack_newsletter_access":"","_jetpack_dont_email_post_to_subs":false,"_jetpack_newsletter_tier_id":0,"_jetpack_memberships_contains_paywalled_content":false,"_jetpack_memberships_contains_paid_content":false,"footnotes":"","jetpack_publicize_message":"","jetpack_publicize_feature_enabled":true,"jetpack_social_post_already_shared":true,"jetpack_social_options":{"image_generator_settings":{"template":"highway","default_image_id":0,"font":"","enabled":false},"version":2}},"categories":[2,256,8],"tags":[213,22],"class_list":["post-1691","post","type-post","status-publish","format-standard","has-post-thumbnail","hentry","category-accueil","category-astek","category-presse","tag-covid19","tag-licenciement"],"jetpack_publicize_connections":[],"jetpack_featured_media_url":"https:\/\/i0.wp.com\/foastek.fr\/wp-content\/uploads\/2020\/06\/OIPFKRTJD90.jpg?fit=206%2C162&ssl=1","jetpack_sharing_enabled":true,"jetpack_shortlink":"https:\/\/wp.me\/p77E1E-rh","jetpack-related-posts":[],"_links":{"self":[{"href":"https:\/\/foastek.fr\/index.php?rest_route=\/wp\/v2\/posts\/1691","targetHints":{"allow":["GET"]}}],"collection":[{"href":"https:\/\/foastek.fr\/index.php?rest_route=\/wp\/v2\/posts"}],"about":[{"href":"https:\/\/foastek.fr\/index.php?rest_route=\/wp\/v2\/types\/post"}],"author":[{"embeddable":true,"href":"https:\/\/foastek.fr\/index.php?rest_route=\/wp\/v2\/users\/1"}],"replies":[{"embeddable":true,"href":"https:\/\/foastek.fr\/index.php?rest_route=%2Fwp%2Fv2%2Fcomments&post=1691"}],"version-history":[{"count":6,"href":"https:\/\/foastek.fr\/index.php?rest_route=\/wp\/v2\/posts\/1691\/revisions"}],"predecessor-version":[{"id":4204,"href":"https:\/\/foastek.fr\/index.php?rest_route=\/wp\/v2\/posts\/1691\/revisions\/4204"}],"wp:featuredmedia":[{"embeddable":true,"href":"https:\/\/foastek.fr\/index.php?rest_route=\/wp\/v2\/media\/1842"}],"wp:attachment":[{"href":"https:\/\/foastek.fr\/index.php?rest_route=%2Fwp%2Fv2%2Fmedia&parent=1691"}],"wp:term":[{"taxonomy":"category","embeddable":true,"href":"https:\/\/foastek.fr\/index.php?rest_route=%2Fwp%2Fv2%2Fcategories&post=1691"},{"taxonomy":"post_tag","embeddable":true,"href":"https:\/\/foastek.fr\/index.php?rest_route=%2Fwp%2Fv2%2Ftags&post=1691"}],"curies":[{"name":"wp","href":"https:\/\/api.w.org\/{rel}","templated":true}]}}