{"id":1715,"date":"2020-06-08T10:36:23","date_gmt":"2020-06-08T09:36:23","guid":{"rendered":"http:\/\/foastek.fr\/?p=1715"},"modified":"2023-11-02T00:29:23","modified_gmt":"2023-11-01T23:29:23","slug":"france-info-le-groupe-astek-licencie-sans-plan-social","status":"publish","type":"post","link":"https:\/\/foastek.fr\/?p=1715","title":{"rendered":"[France Info] \u00ab\u00a0Le groupe Astek licencie sans plan social\u00a0\u00bb"},"content":{"rendered":"\n<figure class=\"wp-block-image size-large\"><img data-recalc-dims=\"1\" loading=\"lazy\" decoding=\"async\" width=\"382\" height=\"58\" data-attachment-id=\"1839\" data-permalink=\"https:\/\/foastek.fr\/?attachment_id=1839\" data-orig-file=\"https:\/\/i0.wp.com\/foastek.fr\/wp-content\/uploads\/2020\/06\/OIPHS59HKZ0.jpg?fit=382%2C58&amp;ssl=1\" data-orig-size=\"382,58\" data-comments-opened=\"1\" data-image-meta=\"{&quot;aperture&quot;:&quot;0&quot;,&quot;credit&quot;:&quot;&quot;,&quot;camera&quot;:&quot;&quot;,&quot;caption&quot;:&quot;&quot;,&quot;created_timestamp&quot;:&quot;0&quot;,&quot;copyright&quot;:&quot;&quot;,&quot;focal_length&quot;:&quot;0&quot;,&quot;iso&quot;:&quot;0&quot;,&quot;shutter_speed&quot;:&quot;0&quot;,&quot;title&quot;:&quot;&quot;,&quot;orientation&quot;:&quot;0&quot;}\" data-image-title=\"OIPHS59HKZ0\" data-image-description=\"\" data-image-caption=\"\" data-large-file=\"https:\/\/i0.wp.com\/foastek.fr\/wp-content\/uploads\/2020\/06\/OIPHS59HKZ0.jpg?fit=382%2C58&amp;ssl=1\" src=\"https:\/\/i0.wp.com\/foastek.fr\/wp-content\/uploads\/2020\/06\/OIPHS59HKZ0.jpg?resize=382%2C58\" alt=\"\" class=\"wp-image-1839\" srcset=\"https:\/\/i0.wp.com\/foastek.fr\/wp-content\/uploads\/2020\/06\/OIPHS59HKZ0.jpg?w=382&amp;ssl=1 382w, https:\/\/i0.wp.com\/foastek.fr\/wp-content\/uploads\/2020\/06\/OIPHS59HKZ0.jpg?resize=300%2C46&amp;ssl=1 300w\" sizes=\"auto, (max-width: 382px) 100vw, 382px\" \/><\/figure>\n\n\n<audio class=\"wp-audio-shortcode\" id=\"audio-1715-1\" preload=\"none\" style=\"width: 100%;\" controls=\"controls\"><source type=\"audio\/mpeg\" src=\"http:\/\/foastek.fr\/wp-content\/uploads\/2020\/06\/FranceInfo_InterviewFO_20200608.mp3?_=1\" \/><a href=\"http:\/\/foastek.fr\/wp-content\/uploads\/2020\/06\/FranceInfo_InterviewFO_20200608.mp3\">http:\/\/foastek.fr\/wp-content\/uploads\/2020\/06\/FranceInfo_InterviewFO_20200608.mp3<\/a><\/audio>\n\n\n<p>Interview r\u00e9alis\u00e9e le 5 juin 2020 et diffus\u00e9 le 8 juin \u00e0 10h25 sur France Info Radio.<\/p>\n","protected":false},"excerpt":{"rendered":"<div class=\"mh-excerpt\"><p>Interview r\u00e9alis\u00e9e le 5 juin 2020 et diffus\u00e9 le 8 juin \u00e0 10h25 sur France Info Radio.<\/p>\n<\/div>","protected":false},"author":1,"featured_media":4821,"comment_status":"open","ping_status":"open","sticky":false,"template":"","format":"standard","meta":{"h5ap_radio_sources":[],"jetpack_post_was_ever_published":false,"_jetpack_newsletter_access":"","_jetpack_dont_email_post_to_subs":false,"_jetpack_newsletter_tier_id":0,"_jetpack_memberships_contains_paywalled_content":false,"_jetpack_memberships_contains_paid_content":false,"footnotes":"","jetpack_publicize_message":"","jetpack_publicize_feature_enabled":true,"jetpack_social_post_already_shared":true,"jetpack_social_options":{"image_generator_settings":{"template":"highway","default_image_id":0,"font":"","enabled":false},"version":2}},"categories":[2,256,8],"tags":[213,22],"class_list":["post-1715","post","type-post","status-publish","format-standard","has-post-thumbnail","hentry","category-accueil","category-astek","category-presse","tag-covid19","tag-licenciement"],"jetpack_publicize_connections":[],"jetpack_featured_media_url":"https:\/\/i0.wp.com\/foastek.fr\/wp-content\/uploads\/2020\/06\/franceinfo-logo.png?fit=300%2C158&ssl=1","jetpack_sharing_enabled":true,"jetpack_shortlink":"https:\/\/wp.me\/p77E1E-rF","jetpack-related-posts":[],"_links":{"self":[{"href":"https:\/\/foastek.fr\/index.php?rest_route=\/wp\/v2\/posts\/1715","targetHints":{"allow":["GET"]}}],"collection":[{"href":"https:\/\/foastek.fr\/index.php?rest_route=\/wp\/v2\/posts"}],"about":[{"href":"https:\/\/foastek.fr\/index.php?rest_route=\/wp\/v2\/types\/post"}],"author":[{"embeddable":true,"href":"https:\/\/foastek.fr\/index.php?rest_route=\/wp\/v2\/users\/1"}],"replies":[{"embeddable":true,"href":"https:\/\/foastek.fr\/index.php?rest_route=%2Fwp%2Fv2%2Fcomments&post=1715"}],"version-history":[{"count":15,"href":"https:\/\/foastek.fr\/index.php?rest_route=\/wp\/v2\/posts\/1715\/revisions"}],"predecessor-version":[{"id":4202,"href":"https:\/\/foastek.fr\/index.php?rest_route=\/wp\/v2\/posts\/1715\/revisions\/4202"}],"wp:featuredmedia":[{"embeddable":true,"href":"https:\/\/foastek.fr\/index.php?rest_route=\/wp\/v2\/media\/4821"}],"wp:attachment":[{"href":"https:\/\/foastek.fr\/index.php?rest_route=%2Fwp%2Fv2%2Fmedia&parent=1715"}],"wp:term":[{"taxonomy":"category","embeddable":true,"href":"https:\/\/foastek.fr\/index.php?rest_route=%2Fwp%2Fv2%2Fcategories&post=1715"},{"taxonomy":"post_tag","embeddable":true,"href":"https:\/\/foastek.fr\/index.php?rest_route=%2Fwp%2Fv2%2Ftags&post=1715"}],"curies":[{"name":"wp","href":"https:\/\/api.w.org\/{rel}","templated":true}]}}