{"id":1731,"date":"2020-06-08T12:07:52","date_gmt":"2020-06-08T11:07:52","guid":{"rendered":"http:\/\/foastek.fr\/?p=1731"},"modified":"2023-11-02T00:30:36","modified_gmt":"2023-11-01T23:30:36","slug":"explosion-du-chomage-dans-les-alpes-maritimes-a-sophia-antipolis-astek-prefere-sociabiliser-les-pertes","status":"publish","type":"post","link":"https:\/\/foastek.fr\/?p=1731","title":{"rendered":"[Nice Matin] \u00ab\u00a0Explosion du ch\u00f4mage dans les Alpes-Maritimes : \u00e0 Sophia Antipolis, Astek pr\u00e9f\u00e8re &lsquo;sociabiliser les pertes'\u00a0\u00bb"},"content":{"rendered":"\n<figure class=\"wp-block-image size-large\"><img data-recalc-dims=\"1\" loading=\"lazy\" decoding=\"async\" width=\"206\" height=\"162\" data-attachment-id=\"1842\" data-permalink=\"https:\/\/foastek.fr\/?attachment_id=1842\" data-orig-file=\"https:\/\/i0.wp.com\/foastek.fr\/wp-content\/uploads\/2020\/06\/OIPFKRTJD90.jpg?fit=206%2C162&amp;ssl=1\" data-orig-size=\"206,162\" data-comments-opened=\"1\" data-image-meta=\"{&quot;aperture&quot;:&quot;0&quot;,&quot;credit&quot;:&quot;&quot;,&quot;camera&quot;:&quot;&quot;,&quot;caption&quot;:&quot;&quot;,&quot;created_timestamp&quot;:&quot;0&quot;,&quot;copyright&quot;:&quot;&quot;,&quot;focal_length&quot;:&quot;0&quot;,&quot;iso&quot;:&quot;0&quot;,&quot;shutter_speed&quot;:&quot;0&quot;,&quot;title&quot;:&quot;&quot;,&quot;orientation&quot;:&quot;0&quot;}\" data-image-title=\"OIPFKRTJD90\" data-image-description=\"\" data-image-caption=\"\" data-large-file=\"https:\/\/i0.wp.com\/foastek.fr\/wp-content\/uploads\/2020\/06\/OIPFKRTJD90.jpg?fit=206%2C162&amp;ssl=1\" src=\"https:\/\/i0.wp.com\/foastek.fr\/wp-content\/uploads\/2020\/06\/OIPFKRTJD90.jpg?resize=206%2C162\" alt=\"\" class=\"wp-image-1842\"\/><\/figure>\n\n\n\n<figure class=\"wp-block-image size-large\"><img loading=\"lazy\" decoding=\"async\" width=\"1440\" height=\"810\" data-attachment-id=\"1732\" data-permalink=\"https:\/\/foastek.fr\/?attachment_id=1732\" data-orig-file=\"https:\/\/i0.wp.com\/foastek.fr\/wp-content\/uploads\/2020\/06\/AstekSophia.jpg?fit=1440%2C810&amp;ssl=1\" data-orig-size=\"1440,810\" data-comments-opened=\"1\" data-image-meta=\"{&quot;aperture&quot;:&quot;0&quot;,&quot;credit&quot;:&quot;&quot;,&quot;camera&quot;:&quot;&quot;,&quot;caption&quot;:&quot;&quot;,&quot;created_timestamp&quot;:&quot;0&quot;,&quot;copyright&quot;:&quot;&quot;,&quot;focal_length&quot;:&quot;0&quot;,&quot;iso&quot;:&quot;0&quot;,&quot;shutter_speed&quot;:&quot;0&quot;,&quot;title&quot;:&quot;&quot;,&quot;orientation&quot;:&quot;0&quot;}\" data-image-title=\"AstekSophia\" data-image-description=\"\" data-image-caption=\"\" data-large-file=\"https:\/\/i0.wp.com\/foastek.fr\/wp-content\/uploads\/2020\/06\/AstekSophia.jpg?fit=1024%2C576&amp;ssl=1\" src=\"https:\/\/i1.wp.com\/foastek.fr\/wp-content\/uploads\/2020\/06\/AstekSophia.jpg?fit=440%2C248\" alt=\"\" class=\"wp-image-1732\" srcset=\"https:\/\/i0.wp.com\/foastek.fr\/wp-content\/uploads\/2020\/06\/AstekSophia.jpg?w=1440&amp;ssl=1 1440w, https:\/\/i0.wp.com\/foastek.fr\/wp-content\/uploads\/2020\/06\/AstekSophia.jpg?resize=300%2C169&amp;ssl=1 300w, https:\/\/i0.wp.com\/foastek.fr\/wp-content\/uploads\/2020\/06\/AstekSophia.jpg?resize=1024%2C576&amp;ssl=1 1024w, https:\/\/i0.wp.com\/foastek.fr\/wp-content\/uploads\/2020\/06\/AstekSophia.jpg?resize=768%2C432&amp;ssl=1 768w\" sizes=\"auto, (max-width: 1000px) 100vw, 1000px\" \/><figcaption class=\"wp-element-caption\">Illustration <strong>Photo C.T.<\/strong> (Nice Matin)<\/figcaption><\/figure>\n\n\n\n<p>La crise a provoqu\u00e9 une explosion sans pr\u00e9c\u00e9dent du ch\u00f4mage. 843.000 demandeurs d\u2019emploi suppl\u00e9mentaires en avril sur l\u2019ensemble du pays, presque un quart de plus dans les Alpes-Maritimes. L&rsquo;entreprise Astek \u00e0 Sophia-Antipolis fait partie des site fran\u00e7ais les plus touch\u00e9s par les licenciements ou de fin de p\u00e9riode d&rsquo;essai non renouvel\u00e9es.<\/p>\n\n\n\n<p>Depuis le d\u00e9but de la crise sanitaire, Christophe Luis, d\u00e9l\u00e9gu\u00e9 syndical FO pour le groupe Astek au niveau national, d\u00e9nonce des m\u00e9thodes abusives de la part de son employeur, soci\u00e9t\u00e9 sp\u00e9cialis\u00e9e dans le num\u00e9rique install\u00e9e \u00e0 Sophia Antipolis.<\/p>\n\n\n\n<!--more-->\n\n\n\n<p>En cause, des licenciements en pleine pand\u00e9mie, mais aussi des pressions de la part de la direction sur certains salari\u00e9s afin de couper court \u00e0 un certain nombre de contrats. \u00ab\u00a0Je pense qu\u2019Astek, comme beaucoup d\u2019entreprises, a subi de plein fouet la crise du coronavirus. Mais ils pr\u00e9f\u00e8rent privatiser les profits et sociabiliser les pertes que l\u2019inverse.\u00a0\u00bb<\/p>\n\n\n\n<p>\u00c0 Sophia Antipolis, sur le site biotois de l\u2019entreprise, les syndicats d\u00e9nombrent plus de quarante d\u00e9parts depuis mi-mars, qu\u2019il s\u2019agisse de licenciements ou de fin de p\u00e9riodes d\u2019essai non renouvel\u00e9es. Ce qui en fait l\u2019un des sites fran\u00e7ais les plus touch\u00e9s.<\/p>\n\n\n\n<p>\u00ab\u00a0Le fait de ne plus travailler du tout avec Amadeus a forc\u00e9ment frein\u00e9 l\u2019activit\u00e9, souligne Fr\u00e9d\u00e9ric Blanc, d\u00e9l\u00e9gu\u00e9 syndical FO \u00e0 Biot. Mais nous en sommes conscients. Nous avons r\u00e9cemment, une nouvelle fois, demand\u00e9 un plan de sauvegarde de l\u2019emploi. Et la DRH a formellement balay\u00e9 cette option d\u2019un revers de la main.\u00a0\u00bb<\/p>\n\n\n\n<p>Amadeus est le premier fournisseur mondial de solutions technologiques pour le secteur du voyage. Son syst\u00e8me de r\u00e9servation compte comme clients des voyagistes, agences de voyages, compagnies a\u00e9riennes ou maritimes, des h\u00f4tels\u2026 Amadeus est le premier employeur de Sophia Antipolis.<\/p>\n\n\n\n<p>Sollicit\u00e9e, la direction n\u2019a pas souhait\u00e9 r\u00e9agir.<\/p>\n\n\n\n<p>Source : <a href=\"https:\/\/www.nicematin.com\/economie\/explosion-du-chomage-dans-les-alpes-maritimes-a-sophia-antipolis-astek-prefere-sociabiliser-les-pertes-522409?t=Mzk3OGQ0Nzg3YmFiYzEwMTc0NWE1ZjIzNmU0YTI5NmNfMTU5MTYxNDA5NDc0NV81MjI0MDk%3D&amp;tp=viewpay\" target=\"_blank\" rel=\"noreferrer noopener\">Nice Matin 8 Juin 2020<\/a><\/p>\n","protected":false},"excerpt":{"rendered":"<div class=\"mh-excerpt\"><p>La crise a provoqu\u00e9 une explosion sans pr\u00e9c\u00e9dent du ch\u00f4mage. 843.000 demandeurs d\u2019emploi suppl\u00e9mentaires en avril sur l\u2019ensemble du pays, presque un quart de plus <a class=\"mh-excerpt-more\" href=\"https:\/\/foastek.fr\/?p=1731\" title=\"[Nice Matin] \u00ab\u00a0Explosion du ch\u00f4mage dans les Alpes-Maritimes : \u00e0 Sophia Antipolis, Astek pr\u00e9f\u00e8re &lsquo;sociabiliser les pertes&#039;\u00a0\u00bb\">[&#8230;]<\/a><\/p>\n<\/div>","protected":false},"author":1,"featured_media":1842,"comment_status":"open","ping_status":"open","sticky":false,"template":"","format":"standard","meta":{"h5ap_radio_sources":[],"jetpack_post_was_ever_published":false,"_jetpack_newsletter_access":"","_jetpack_dont_email_post_to_subs":false,"_jetpack_newsletter_tier_id":0,"_jetpack_memberships_contains_paywalled_content":false,"_jetpack_memberships_contains_paid_content":false,"footnotes":"","jetpack_publicize_message":"","jetpack_publicize_feature_enabled":true,"jetpack_social_post_already_shared":true,"jetpack_social_options":{"image_generator_settings":{"template":"highway","default_image_id":0,"font":"","enabled":false},"version":2}},"categories":[2,256,4,8],"tags":[213,22],"class_list":["post-1731","post","type-post","status-publish","format-standard","has-post-thumbnail","hentry","category-accueil","category-astek","category-communication","category-presse","tag-covid19","tag-licenciement"],"jetpack_publicize_connections":[],"jetpack_featured_media_url":"https:\/\/i0.wp.com\/foastek.fr\/wp-content\/uploads\/2020\/06\/OIPFKRTJD90.jpg?fit=206%2C162&ssl=1","jetpack_sharing_enabled":true,"jetpack_shortlink":"https:\/\/wp.me\/p77E1E-rV","jetpack-related-posts":[],"_links":{"self":[{"href":"https:\/\/foastek.fr\/index.php?rest_route=\/wp\/v2\/posts\/1731","targetHints":{"allow":["GET"]}}],"collection":[{"href":"https:\/\/foastek.fr\/index.php?rest_route=\/wp\/v2\/posts"}],"about":[{"href":"https:\/\/foastek.fr\/index.php?rest_route=\/wp\/v2\/types\/post"}],"author":[{"embeddable":true,"href":"https:\/\/foastek.fr\/index.php?rest_route=\/wp\/v2\/users\/1"}],"replies":[{"embeddable":true,"href":"https:\/\/foastek.fr\/index.php?rest_route=%2Fwp%2Fv2%2Fcomments&post=1731"}],"version-history":[{"count":11,"href":"https:\/\/foastek.fr\/index.php?rest_route=\/wp\/v2\/posts\/1731\/revisions"}],"predecessor-version":[{"id":4822,"href":"https:\/\/foastek.fr\/index.php?rest_route=\/wp\/v2\/posts\/1731\/revisions\/4822"}],"wp:featuredmedia":[{"embeddable":true,"href":"https:\/\/foastek.fr\/index.php?rest_route=\/wp\/v2\/media\/1842"}],"wp:attachment":[{"href":"https:\/\/foastek.fr\/index.php?rest_route=%2Fwp%2Fv2%2Fmedia&parent=1731"}],"wp:term":[{"taxonomy":"category","embeddable":true,"href":"https:\/\/foastek.fr\/index.php?rest_route=%2Fwp%2Fv2%2Fcategories&post=1731"},{"taxonomy":"post_tag","embeddable":true,"href":"https:\/\/foastek.fr\/index.php?rest_route=%2Fwp%2Fv2%2Ftags&post=1731"}],"curies":[{"name":"wp","href":"https:\/\/api.w.org\/{rel}","templated":true}]}}