{"id":1740,"date":"2020-06-08T15:26:13","date_gmt":"2020-06-08T14:26:13","guid":{"rendered":"http:\/\/foastek.fr\/?p=1740"},"modified":"2023-11-02T00:27:58","modified_gmt":"2023-11-01T23:27:58","slug":"france-info-on-te-licencie-pour-faute-grave-comme-ca-tu-pourras-toucher-le-chomage","status":"publish","type":"post","link":"https:\/\/foastek.fr\/?p=1740","title":{"rendered":"[France Info] On te licencie pour faute grave comme \u00e7a tu pourras toucher le ch\u00f4mage"},"content":{"rendered":"\n<figure class=\"wp-block-image size-large\"><img data-recalc-dims=\"1\" loading=\"lazy\" decoding=\"async\" width=\"382\" height=\"58\" data-attachment-id=\"1839\" data-permalink=\"https:\/\/foastek.fr\/?attachment_id=1839\" data-orig-file=\"https:\/\/i0.wp.com\/foastek.fr\/wp-content\/uploads\/2020\/06\/OIPHS59HKZ0.jpg?fit=382%2C58&amp;ssl=1\" data-orig-size=\"382,58\" data-comments-opened=\"1\" data-image-meta=\"{&quot;aperture&quot;:&quot;0&quot;,&quot;credit&quot;:&quot;&quot;,&quot;camera&quot;:&quot;&quot;,&quot;caption&quot;:&quot;&quot;,&quot;created_timestamp&quot;:&quot;0&quot;,&quot;copyright&quot;:&quot;&quot;,&quot;focal_length&quot;:&quot;0&quot;,&quot;iso&quot;:&quot;0&quot;,&quot;shutter_speed&quot;:&quot;0&quot;,&quot;title&quot;:&quot;&quot;,&quot;orientation&quot;:&quot;0&quot;}\" data-image-title=\"OIPHS59HKZ0\" data-image-description=\"\" data-image-caption=\"\" data-large-file=\"https:\/\/i0.wp.com\/foastek.fr\/wp-content\/uploads\/2020\/06\/OIPHS59HKZ0.jpg?fit=382%2C58&amp;ssl=1\" src=\"https:\/\/i0.wp.com\/foastek.fr\/wp-content\/uploads\/2020\/06\/OIPHS59HKZ0.jpg?resize=382%2C58\" alt=\"\" class=\"wp-image-1839\" srcset=\"https:\/\/i0.wp.com\/foastek.fr\/wp-content\/uploads\/2020\/06\/OIPHS59HKZ0.jpg?w=382&amp;ssl=1 382w, https:\/\/i0.wp.com\/foastek.fr\/wp-content\/uploads\/2020\/06\/OIPHS59HKZ0.jpg?resize=300%2C46&amp;ssl=1 300w\" sizes=\"auto, (max-width: 382px) 100vw, 382px\" \/><\/figure>\n\n\n\n<p>Selon Force Ouvri\u00e8re, le groupe Astek aurait demand\u00e9 \u00e0 des salari\u00e9s de reconna\u00eetre une faute grave fictive pour pouvoir \u00eatre indemnis\u00e9s. Les syndicats affirment que l&rsquo;entreprise, mal en point, veut \u00e9viter un plan social.<\/p>\n\n\n\n<figure class=\"wp-block-image size-large is-resized\"><img loading=\"lazy\" decoding=\"async\" width=\"1197\" height=\"450\" data-attachment-id=\"1741\" data-permalink=\"https:\/\/foastek.fr\/?attachment_id=1741\" data-orig-file=\"https:\/\/i0.wp.com\/foastek.fr\/wp-content\/uploads\/2020\/06\/21656215.jpg?fit=1197%2C450&amp;ssl=1\" data-orig-size=\"1197,450\" data-comments-opened=\"1\" data-image-meta=\"{&quot;aperture&quot;:&quot;0&quot;,&quot;credit&quot;:&quot;&quot;,&quot;camera&quot;:&quot;&quot;,&quot;caption&quot;:&quot;&quot;,&quot;created_timestamp&quot;:&quot;0&quot;,&quot;copyright&quot;:&quot;&quot;,&quot;focal_length&quot;:&quot;0&quot;,&quot;iso&quot;:&quot;0&quot;,&quot;shutter_speed&quot;:&quot;0&quot;,&quot;title&quot;:&quot;&quot;,&quot;orientation&quot;:&quot;0&quot;}\" data-image-title=\"21656215\" data-image-description=\"\" data-image-caption=\"\" data-large-file=\"https:\/\/i0.wp.com\/foastek.fr\/wp-content\/uploads\/2020\/06\/21656215.jpg?fit=1024%2C385&amp;ssl=1\" src=\"https:\/\/i0.wp.com\/foastek.fr\/wp-content\/uploads\/2020\/06\/21656215.jpg?fit=440%2C165\" alt=\"\" class=\"wp-image-1741\" style=\"width:440px;height:165px\" srcset=\"https:\/\/i0.wp.com\/foastek.fr\/wp-content\/uploads\/2020\/06\/21656215.jpg?w=1197&amp;ssl=1 1197w, https:\/\/i0.wp.com\/foastek.fr\/wp-content\/uploads\/2020\/06\/21656215.jpg?resize=300%2C113&amp;ssl=1 300w, https:\/\/i0.wp.com\/foastek.fr\/wp-content\/uploads\/2020\/06\/21656215.jpg?resize=1024%2C385&amp;ssl=1 1024w, https:\/\/i0.wp.com\/foastek.fr\/wp-content\/uploads\/2020\/06\/21656215.jpg?resize=768%2C289&amp;ssl=1 768w\" sizes=\"auto, (max-width: 1000px) 100vw, 1000px\" \/><figcaption class=\"wp-element-caption\">France Info TV<\/figcaption><\/figure>\n\n\n\n<p>Pour lire l&rsquo;article : <a href=\"https:\/\/www.francetvinfo.fr\/economie\/emploi\/plans-sociaux\/on-te-licencie-pour-faute-grave-comme-ca-tu-pourras-toucher-le-chomage-un-sous-traitant-informatique-accuse-de-fraude-pour-echapper-a-un-plan-social_4000535.html\">FranceInfoTV<\/a><\/p>\n","protected":false},"excerpt":{"rendered":"<div class=\"mh-excerpt\"><p>Selon Force Ouvri\u00e8re, le groupe Astek aurait demand\u00e9 \u00e0 des salari\u00e9s de reconna\u00eetre une faute grave fictive pour pouvoir \u00eatre indemnis\u00e9s. Les syndicats affirment que <a class=\"mh-excerpt-more\" href=\"https:\/\/foastek.fr\/?p=1740\" title=\"[France Info] On te licencie pour faute grave comme \u00e7a tu pourras toucher le ch\u00f4mage\">[&#8230;]<\/a><\/p>\n<\/div>","protected":false},"author":1,"featured_media":4821,"comment_status":"open","ping_status":"open","sticky":false,"template":"","format":"standard","meta":{"h5ap_radio_sources":[],"jetpack_post_was_ever_published":false,"_jetpack_newsletter_access":"","_jetpack_dont_email_post_to_subs":false,"_jetpack_newsletter_tier_id":0,"_jetpack_memberships_contains_paywalled_content":false,"_jetpack_memberships_contains_paid_content":false,"footnotes":"","jetpack_publicize_message":"","jetpack_publicize_feature_enabled":true,"jetpack_social_post_already_shared":true,"jetpack_social_options":{"image_generator_settings":{"template":"highway","default_image_id":0,"font":"","enabled":false},"version":2}},"categories":[2,256,8],"tags":[215,213,22],"class_list":["post-1740","post","type-post","status-publish","format-standard","has-post-thumbnail","hentry","category-accueil","category-astek","category-presse","tag-chomage-partiel","tag-covid19","tag-licenciement"],"jetpack_publicize_connections":[],"jetpack_featured_media_url":"https:\/\/i0.wp.com\/foastek.fr\/wp-content\/uploads\/2020\/06\/franceinfo-logo.png?fit=300%2C158&ssl=1","jetpack_sharing_enabled":true,"jetpack_shortlink":"https:\/\/wp.me\/p77E1E-s4","jetpack-related-posts":[],"_links":{"self":[{"href":"https:\/\/foastek.fr\/index.php?rest_route=\/wp\/v2\/posts\/1740","targetHints":{"allow":["GET"]}}],"collection":[{"href":"https:\/\/foastek.fr\/index.php?rest_route=\/wp\/v2\/posts"}],"about":[{"href":"https:\/\/foastek.fr\/index.php?rest_route=\/wp\/v2\/types\/post"}],"author":[{"embeddable":true,"href":"https:\/\/foastek.fr\/index.php?rest_route=\/wp\/v2\/users\/1"}],"replies":[{"embeddable":true,"href":"https:\/\/foastek.fr\/index.php?rest_route=%2Fwp%2Fv2%2Fcomments&post=1740"}],"version-history":[{"count":5,"href":"https:\/\/foastek.fr\/index.php?rest_route=\/wp\/v2\/posts\/1740\/revisions"}],"predecessor-version":[{"id":4820,"href":"https:\/\/foastek.fr\/index.php?rest_route=\/wp\/v2\/posts\/1740\/revisions\/4820"}],"wp:featuredmedia":[{"embeddable":true,"href":"https:\/\/foastek.fr\/index.php?rest_route=\/wp\/v2\/media\/4821"}],"wp:attachment":[{"href":"https:\/\/foastek.fr\/index.php?rest_route=%2Fwp%2Fv2%2Fmedia&parent=1740"}],"wp:term":[{"taxonomy":"category","embeddable":true,"href":"https:\/\/foastek.fr\/index.php?rest_route=%2Fwp%2Fv2%2Fcategories&post=1740"},{"taxonomy":"post_tag","embeddable":true,"href":"https:\/\/foastek.fr\/index.php?rest_route=%2Fwp%2Fv2%2Ftags&post=1740"}],"curies":[{"name":"wp","href":"https:\/\/api.w.org\/{rel}","templated":true}]}}