{"id":204,"date":"2016-01-22T00:15:02","date_gmt":"2016-01-21T23:15:02","guid":{"rendered":"http:\/\/foastek.fr\/?p=204"},"modified":"2023-04-15T20:38:54","modified_gmt":"2023-04-15T19:38:54","slug":"declaration-les-itti-cetait-bien-mais-ca-cetait-avant","status":"publish","type":"post","link":"https:\/\/foastek.fr\/?p=204","title":{"rendered":"Les ITTI c&rsquo;\u00e9tait bien, mais \u00e7a, c&rsquo;\u00e9tait avant !"},"content":{"rendered":"<p>La compensation des temps de trajets inhabituels est une obligation pr\u00e9vue par l\u2019article L.3121-4 du code du travail. Ce dispositif \u00e9tait en place dans les r\u00e9gions Grand-Ouest et Rh\u00f4ne-Alpes depuis plusieurs ann\u00e9es et la Direction, au lieu de l&rsquo;\u00e9tendre comme annonc\u00e9e, a d\u00e9cid\u00e9 de le supprimer.<\/p>\n<p>Pour en savoir plus, lisez la\u00a0<a href=\"http:\/\/foastek.fr\/wp-content\/uploads\/2016\/01\/D\u00e9claration-FO-20160121-ITTI.pdf\" rel=\"\">D\u00e9claration FO sur la suppression des ITTI<\/a> (pdf, 2 pages, 158 Ko).<\/p>\n","protected":false},"excerpt":{"rendered":"<div class=\"mh-excerpt\"><p>La compensation des temps de trajets inhabituels est une obligation pr\u00e9vue par l\u2019article L.3121-4 du code du travail. Ce dispositif \u00e9tait en place dans les <a class=\"mh-excerpt-more\" href=\"https:\/\/foastek.fr\/?p=204\" title=\"Les ITTI c&rsquo;\u00e9tait bien, mais \u00e7a, c&rsquo;\u00e9tait avant !\">[&#8230;]<\/a><\/p>\n<\/div>","protected":false},"author":1,"featured_media":0,"comment_status":"open","ping_status":"open","sticky":false,"template":"","format":"standard","meta":{"h5ap_radio_sources":[],"jetpack_post_was_ever_published":false,"_jetpack_newsletter_access":"","_jetpack_dont_email_post_to_subs":false,"_jetpack_newsletter_tier_id":0,"_jetpack_memberships_contains_paywalled_content":false,"_jetpack_memberships_contains_paid_content":false,"footnotes":"","jetpack_publicize_message":"","jetpack_publicize_feature_enabled":true,"jetpack_social_post_already_shared":true,"jetpack_social_options":{"image_generator_settings":{"template":"highway","default_image_id":0,"font":"","enabled":false},"version":2}},"categories":[2,256,4,10],"tags":[73,74],"class_list":["post-204","post","type-post","status-publish","format-standard","hentry","category-accueil","category-astek","category-communication","category-vos-droits","tag-itti","tag-temps-de-trajet"],"jetpack_publicize_connections":[],"jetpack_featured_media_url":"","jetpack_sharing_enabled":true,"jetpack_shortlink":"https:\/\/wp.me\/p77E1E-3i","jetpack-related-posts":[],"_links":{"self":[{"href":"https:\/\/foastek.fr\/index.php?rest_route=\/wp\/v2\/posts\/204","targetHints":{"allow":["GET"]}}],"collection":[{"href":"https:\/\/foastek.fr\/index.php?rest_route=\/wp\/v2\/posts"}],"about":[{"href":"https:\/\/foastek.fr\/index.php?rest_route=\/wp\/v2\/types\/post"}],"author":[{"embeddable":true,"href":"https:\/\/foastek.fr\/index.php?rest_route=\/wp\/v2\/users\/1"}],"replies":[{"embeddable":true,"href":"https:\/\/foastek.fr\/index.php?rest_route=%2Fwp%2Fv2%2Fcomments&post=204"}],"version-history":[{"count":4,"href":"https:\/\/foastek.fr\/index.php?rest_route=\/wp\/v2\/posts\/204\/revisions"}],"predecessor-version":[{"id":4156,"href":"https:\/\/foastek.fr\/index.php?rest_route=\/wp\/v2\/posts\/204\/revisions\/4156"}],"wp:attachment":[{"href":"https:\/\/foastek.fr\/index.php?rest_route=%2Fwp%2Fv2%2Fmedia&parent=204"}],"wp:term":[{"taxonomy":"category","embeddable":true,"href":"https:\/\/foastek.fr\/index.php?rest_route=%2Fwp%2Fv2%2Fcategories&post=204"},{"taxonomy":"post_tag","embeddable":true,"href":"https:\/\/foastek.fr\/index.php?rest_route=%2Fwp%2Fv2%2Ftags&post=204"}],"curies":[{"name":"wp","href":"https:\/\/api.w.org\/{rel}","templated":true}]}}