{"id":2106,"date":"2020-09-10T09:05:39","date_gmt":"2020-09-10T08:05:39","guid":{"rendered":"http:\/\/foastek.fr\/?p=2106"},"modified":"2023-04-15T21:20:48","modified_gmt":"2023-04-15T20:20:48","slug":"vos-droits-conge-de-paternite-et-daccueil-de-lenfant-dun-salarie-du-secteur-prive","status":"publish","type":"post","link":"https:\/\/foastek.fr\/?p=2106","title":{"rendered":"Cong\u00e9 de paternit\u00e9 et d&rsquo;accueil de l&rsquo;enfant d&rsquo;un salari\u00e9 du secteur priv\u00e9"},"content":{"rendered":"\n<p>Lors de la naissance d&rsquo;un enfant, le p\u00e8re salari\u00e9 b\u00e9n\u00e9ficie du cong\u00e9 de paternit\u00e9 et d&rsquo;accueil de l&rsquo;enfant. Si la m\u00e8re de l&rsquo;enfant vit avec une autre personne salari\u00e9e, celle-ci peut \u00e9galement b\u00e9n\u00e9ficier du cong\u00e9. Le b\u00e9n\u00e9ficiaire du cong\u00e9 doit respecter certaines conditions (d\u00e9marches, date de d\u00e9part en cong\u00e9, dur\u00e9e maximale du cong\u00e9). Le salari\u00e9 en cong\u00e9 b\u00e9n\u00e9ficie d&rsquo;une indemnisation vers\u00e9e par la S\u00e9curit\u00e9 sociale.<\/p>\n\n\n\n<p>Le cong\u00e9 est ouvert sans conditions d&rsquo;anciennet\u00e9, et quel que soit le type de contrat du travail (CDI, CDD ou contrat temporaire).<\/p>\n\n\n\n<p>La dur\u00e9e du cong\u00e9 de paternit\u00e9 et d&rsquo;accueil de l&rsquo;enfant est fix\u00e9e \u00e0 11 jours calendaires cons\u00e9cutifs (18 jours dans le cas de 2 enfants et plus).<\/p>\n\n\n\n<p>L&#8217;employeur ne peut enlever du salaire que les jours ouvr\u00e9s (ex : si pendant ce cong\u00e9, il y a un samedi et un dimanche, l&#8217;employeur ne doit vous enlever que 9 jours de salaire et pas 11).<\/p>\n\n\n\n<p>Le cong\u00e9 doit d\u00e9buter dans un d\u00e9lai de 4 mois suivant la naissance de l&rsquo;enfant (notamment pour avoir droit \u00e0 indemnisation par la CPAM), mais il peut prendre fin au-del\u00e0 de ce d\u00e9lai.<\/p>\n","protected":false},"excerpt":{"rendered":"<div class=\"mh-excerpt\"><p>Lors de la naissance d&rsquo;un enfant, le p\u00e8re salari\u00e9 b\u00e9n\u00e9ficie du cong\u00e9 de paternit\u00e9 et d&rsquo;accueil de l&rsquo;enfant. Si la m\u00e8re de l&rsquo;enfant vit avec <a class=\"mh-excerpt-more\" href=\"https:\/\/foastek.fr\/?p=2106\" title=\"Cong\u00e9 de paternit\u00e9 et d&rsquo;accueil de l&rsquo;enfant d&rsquo;un salari\u00e9 du secteur priv\u00e9\">[&#8230;]<\/a><\/p>\n<\/div>","protected":false},"author":1,"featured_media":0,"comment_status":"open","ping_status":"open","sticky":false,"template":"","format":"standard","meta":{"h5ap_radio_sources":[],"jetpack_post_was_ever_published":false,"_jetpack_newsletter_access":"","_jetpack_dont_email_post_to_subs":false,"_jetpack_newsletter_tier_id":0,"_jetpack_memberships_contains_paywalled_content":false,"_jetpack_memberships_contains_paid_content":false,"footnotes":"","jetpack_publicize_message":"","jetpack_publicize_feature_enabled":true,"jetpack_social_post_already_shared":true,"jetpack_social_options":{"image_generator_settings":{"template":"highway","default_image_id":0,"font":"","enabled":false},"version":2}},"categories":[2],"tags":[],"class_list":["post-2106","post","type-post","status-publish","format-standard","hentry","category-accueil"],"jetpack_publicize_connections":[],"jetpack_featured_media_url":"","jetpack_sharing_enabled":true,"jetpack_shortlink":"https:\/\/wp.me\/p77E1E-xY","jetpack-related-posts":[],"_links":{"self":[{"href":"https:\/\/foastek.fr\/index.php?rest_route=\/wp\/v2\/posts\/2106","targetHints":{"allow":["GET"]}}],"collection":[{"href":"https:\/\/foastek.fr\/index.php?rest_route=\/wp\/v2\/posts"}],"about":[{"href":"https:\/\/foastek.fr\/index.php?rest_route=\/wp\/v2\/types\/post"}],"author":[{"embeddable":true,"href":"https:\/\/foastek.fr\/index.php?rest_route=\/wp\/v2\/users\/1"}],"replies":[{"embeddable":true,"href":"https:\/\/foastek.fr\/index.php?rest_route=%2Fwp%2Fv2%2Fcomments&post=2106"}],"version-history":[{"count":3,"href":"https:\/\/foastek.fr\/index.php?rest_route=\/wp\/v2\/posts\/2106\/revisions"}],"predecessor-version":[{"id":4222,"href":"https:\/\/foastek.fr\/index.php?rest_route=\/wp\/v2\/posts\/2106\/revisions\/4222"}],"wp:attachment":[{"href":"https:\/\/foastek.fr\/index.php?rest_route=%2Fwp%2Fv2%2Fmedia&parent=2106"}],"wp:term":[{"taxonomy":"category","embeddable":true,"href":"https:\/\/foastek.fr\/index.php?rest_route=%2Fwp%2Fv2%2Fcategories&post=2106"},{"taxonomy":"post_tag","embeddable":true,"href":"https:\/\/foastek.fr\/index.php?rest_route=%2Fwp%2Fv2%2Ftags&post=2106"}],"curies":[{"name":"wp","href":"https:\/\/api.w.org\/{rel}","templated":true}]}}