{"id":233,"date":"2015-09-28T12:19:41","date_gmt":"2015-09-28T11:19:41","guid":{"rendered":"http:\/\/foastek.fr\/?p=233"},"modified":"2023-04-15T20:27:32","modified_gmt":"2023-04-15T19:27:32","slug":"consultants-licencies-des-leur-retour-de-mission-chez-amadeus-de-la-petite-entreprise-a-la-grande-industrie","status":"publish","type":"post","link":"https:\/\/foastek.fr\/?p=233","title":{"rendered":"Consultants licenci\u00e9s d\u00e8s leur retour de mission chez Amadeus : de la petite entreprise \u00e0 la grande industrie"},"content":{"rendered":"<p>Les syndicats CGT d\u2019Amadeus, Cap Gemini, ATOS, AUSY et Sopra\/Steria ainsi que les syndicats Solidaires et <strong><span style=\"color: #800000;\"><em>FO<\/em><\/span><\/strong> d\u2019Astek alertent les consultants des soci\u00e9t\u00e9s de services informatiques.<\/p>\n<p><strong><span style=\"color: #800000;\">Vous serez peut-\u00eatre concern\u00e9 demain par cette situation. Alors, r\u00e9agissez maintenant.<\/span><\/strong><\/p>\n<p>RDV le <strong>8 octobre \u00e0 10H place Mass\u00e9na<\/strong> (Nice) dans le cadre de l\u2019appel national \u00e0 la gr\u00e8ve interprofessionnelle.<\/p>\n<p>RDV le <strong>8 octobre \u00e0 12H30 au rond-point des Amandiers<\/strong> (en face des Triades \u00e0 Sophia), prises de parole des syndicats et t\u00e9moignages de consultants ex-Amadeus aujourd\u2019hui licenci\u00e9s.<\/p>\n<div><span style=\"text-decoration: underline;\">La gr\u00e8ve est un droit.<\/span> Pour informer votre employeur que vous faites gr\u00e8ve, envoyez lui un mail avant le 8 octobre \u00e0 8h.<\/div>\n<div><\/div>\n<div><\/div>\n<div>Pour lire, l&rsquo;appel \u00e0 manifester des syndicats CGT, FO et Solidaires Informatiques, consulter la communication intersyndicale <a href=\"http:\/\/foastek.fr\/wp-content\/uploads\/2016\/02\/appel-ssii-amadeus.pdf\" rel=\"\">Appel SSII &#8211; Amadeus<\/a>\u00a0(pdf, 2 pages, 541 Ko).<\/div>\n","protected":false},"excerpt":{"rendered":"<div class=\"mh-excerpt\"><p>Les syndicats CGT d\u2019Amadeus, Cap Gemini, ATOS, AUSY et Sopra\/Steria ainsi que les syndicats Solidaires et FO d\u2019Astek alertent les consultants des soci\u00e9t\u00e9s de services <a class=\"mh-excerpt-more\" href=\"https:\/\/foastek.fr\/?p=233\" title=\"Consultants licenci\u00e9s d\u00e8s leur retour de mission chez Amadeus : de la petite entreprise \u00e0 la grande industrie\">[&#8230;]<\/a><\/p>\n<\/div>","protected":false},"author":1,"featured_media":0,"comment_status":"open","ping_status":"open","sticky":false,"template":"","format":"standard","meta":{"h5ap_radio_sources":[],"jetpack_post_was_ever_published":false,"_jetpack_newsletter_access":"","_jetpack_dont_email_post_to_subs":false,"_jetpack_newsletter_tier_id":0,"_jetpack_memberships_contains_paywalled_content":false,"_jetpack_memberships_contains_paid_content":false,"footnotes":"","jetpack_publicize_message":"","jetpack_publicize_feature_enabled":true,"jetpack_social_post_already_shared":true,"jetpack_social_options":{"image_generator_settings":{"template":"highway","default_image_id":0,"font":"","enabled":false},"version":2}},"categories":[2,256,5,10],"tags":[77,21,78,22],"class_list":["post-233","post","type-post","status-publish","format-standard","hentry","category-accueil","category-astek","category-greve","category-vos-droits","tag-amadeus","tag-astek-sud-est","tag-greve","tag-licenciement"],"jetpack_publicize_connections":[],"jetpack_featured_media_url":"","jetpack_sharing_enabled":true,"jetpack_shortlink":"https:\/\/wp.me\/p77E1E-3L","jetpack-related-posts":[],"_links":{"self":[{"href":"https:\/\/foastek.fr\/index.php?rest_route=\/wp\/v2\/posts\/233","targetHints":{"allow":["GET"]}}],"collection":[{"href":"https:\/\/foastek.fr\/index.php?rest_route=\/wp\/v2\/posts"}],"about":[{"href":"https:\/\/foastek.fr\/index.php?rest_route=\/wp\/v2\/types\/post"}],"author":[{"embeddable":true,"href":"https:\/\/foastek.fr\/index.php?rest_route=\/wp\/v2\/users\/1"}],"replies":[{"embeddable":true,"href":"https:\/\/foastek.fr\/index.php?rest_route=%2Fwp%2Fv2%2Fcomments&post=233"}],"version-history":[{"count":1,"href":"https:\/\/foastek.fr\/index.php?rest_route=\/wp\/v2\/posts\/233\/revisions"}],"predecessor-version":[{"id":235,"href":"https:\/\/foastek.fr\/index.php?rest_route=\/wp\/v2\/posts\/233\/revisions\/235"}],"wp:attachment":[{"href":"https:\/\/foastek.fr\/index.php?rest_route=%2Fwp%2Fv2%2Fmedia&parent=233"}],"wp:term":[{"taxonomy":"category","embeddable":true,"href":"https:\/\/foastek.fr\/index.php?rest_route=%2Fwp%2Fv2%2Fcategories&post=233"},{"taxonomy":"post_tag","embeddable":true,"href":"https:\/\/foastek.fr\/index.php?rest_route=%2Fwp%2Fv2%2Ftags&post=233"}],"curies":[{"name":"wp","href":"https:\/\/api.w.org\/{rel}","templated":true}]}}