{"id":2461,"date":"2020-11-08T13:50:00","date_gmt":"2020-11-08T12:50:00","guid":{"rendered":"http:\/\/foastek.fr\/?p=2461"},"modified":"2023-04-15T21:25:34","modified_gmt":"2023-04-15T20:25:34","slug":"astek-lettre-au-president-du-directoire-pour-la-mise-en-place-du-teletravail","status":"publish","type":"post","link":"https:\/\/foastek.fr\/?p=2461","title":{"rendered":"Lettre au Pr\u00e9sident du Directoire du groupe Astek pour la mise en place du t\u00e9l\u00e9travail"},"content":{"rendered":"\n<p><em><span class=\"has-inline-color has-vivid-red-color\">Courriel envoy\u00e9 le 30 octobre 2020<\/span><\/em><\/p>\n\n\n\n<p class=\"has-small-font-size\">Bonjour Monsieur,<\/p>\n\n\n\n<p class=\"has-small-font-size\">Je fais suite \u00e0 mon courriel adress\u00e9 hier.<\/p>\n\n\n\n<p class=\"has-small-font-size\">Face \u00e0 la situation sanitaire alarmante avec l&rsquo;explosion des cas de contamination, des salari\u00e9s s&rsquo;inqui\u00e8tent de devoir quand m\u00eame se d\u00e9placer au sein des \u00e9tablissements de l&rsquo;entreprise.<\/p>\n\n\n\n<p class=\"has-small-font-size\">De par notre m\u00e9tier et les moyens technologiques disponibles au sein de l&rsquo;entreprise, celle-ci est en capacit\u00e9 de permettre aux salari\u00e9s de pouvoir exercer, au moins pour la p\u00e9riode actuelle de 2\u00e8me confinement, l&rsquo;int\u00e9gralit\u00e9 de leur activit\u00e9 depuis leur domicile (sauf activit\u00e9s critiques qui sont plut\u00f4t tr\u00e8s rares).&nbsp;<\/p>\n\n\n\n<p class=\"has-small-font-size\">Bien entendu, afin de garantir le lien social dans cette p\u00e9riode, \u00e0 minima une r\u00e9union en visio\/audio avec les outils de l&rsquo;entreprise chaque semaine est indispensable entre le responsable et l&rsquo;ensemble de son \u00e9quipe.<\/p>\n\n\n\n<p class=\"has-small-font-size\">J&rsquo;ose penser que les d\u00e9cisions prises iront dans un sens favorable pour la sant\u00e9 des salari\u00e9s de l&rsquo;entreprise et en soutien total au message du Pr\u00e9sident de la R\u00e9publique de protection de la sant\u00e9 des citoyens.&nbsp;<\/p>\n\n\n\n<p class=\"has-small-font-size\"><strong>Si vous envisagiez d&rsquo;imposer la pr\u00e9sence (m\u00eame partielle) au sein des locaux, pourriez-vous nous indiquer pour quelles raisons critiques leur pr\u00e9sence est requise ?<\/strong><\/p>\n\n\n\n<p class=\"has-small-font-size\">Cdt<\/p>\n\n\n\n<p class=\"has-small-font-size\">CL (D\u00e9l\u00e9gu\u00e9 syndical FO, Membre du CSE)<\/p>\n","protected":false},"excerpt":{"rendered":"<div class=\"mh-excerpt\"><p>Courriel envoy\u00e9 le 30 octobre 2020 Bonjour Monsieur, Je fais suite \u00e0 mon courriel adress\u00e9 hier. Face \u00e0 la situation sanitaire alarmante avec l&rsquo;explosion des <a class=\"mh-excerpt-more\" href=\"https:\/\/foastek.fr\/?p=2461\" title=\"Lettre au Pr\u00e9sident du Directoire du groupe Astek pour la mise en place du t\u00e9l\u00e9travail\">[&#8230;]<\/a><\/p>\n<\/div>","protected":false},"author":1,"featured_media":0,"comment_status":"open","ping_status":"open","sticky":false,"template":"","format":"standard","meta":{"h5ap_radio_sources":[],"jetpack_post_was_ever_published":false,"_jetpack_newsletter_access":"","_jetpack_dont_email_post_to_subs":false,"_jetpack_newsletter_tier_id":0,"_jetpack_memberships_contains_paywalled_content":false,"_jetpack_memberships_contains_paid_content":false,"footnotes":"","jetpack_publicize_message":"","jetpack_publicize_feature_enabled":true,"jetpack_social_post_already_shared":true,"jetpack_social_options":{"image_generator_settings":{"template":"highway","default_image_id":0,"font":"","enabled":false},"version":2}},"categories":[2,256],"tags":[213,205,54,37],"class_list":["post-2461","post","type-post","status-publish","format-standard","hentry","category-accueil","category-astek","tag-covid19","tag-salaries","tag-sante","tag-teletravail"],"jetpack_publicize_connections":[],"jetpack_featured_media_url":"","jetpack_sharing_enabled":true,"jetpack_shortlink":"https:\/\/wp.me\/p77E1E-DH","jetpack-related-posts":[],"_links":{"self":[{"href":"https:\/\/foastek.fr\/index.php?rest_route=\/wp\/v2\/posts\/2461","targetHints":{"allow":["GET"]}}],"collection":[{"href":"https:\/\/foastek.fr\/index.php?rest_route=\/wp\/v2\/posts"}],"about":[{"href":"https:\/\/foastek.fr\/index.php?rest_route=\/wp\/v2\/types\/post"}],"author":[{"embeddable":true,"href":"https:\/\/foastek.fr\/index.php?rest_route=\/wp\/v2\/users\/1"}],"replies":[{"embeddable":true,"href":"https:\/\/foastek.fr\/index.php?rest_route=%2Fwp%2Fv2%2Fcomments&post=2461"}],"version-history":[{"count":5,"href":"https:\/\/foastek.fr\/index.php?rest_route=\/wp\/v2\/posts\/2461\/revisions"}],"predecessor-version":[{"id":4240,"href":"https:\/\/foastek.fr\/index.php?rest_route=\/wp\/v2\/posts\/2461\/revisions\/4240"}],"wp:attachment":[{"href":"https:\/\/foastek.fr\/index.php?rest_route=%2Fwp%2Fv2%2Fmedia&parent=2461"}],"wp:term":[{"taxonomy":"category","embeddable":true,"href":"https:\/\/foastek.fr\/index.php?rest_route=%2Fwp%2Fv2%2Fcategories&post=2461"},{"taxonomy":"post_tag","embeddable":true,"href":"https:\/\/foastek.fr\/index.php?rest_route=%2Fwp%2Fv2%2Ftags&post=2461"}],"curies":[{"name":"wp","href":"https:\/\/api.w.org\/{rel}","templated":true}]}}