{"id":2467,"date":"2020-11-09T14:04:56","date_gmt":"2020-11-09T13:04:56","guid":{"rendered":"http:\/\/foastek.fr\/?p=2467"},"modified":"2023-04-15T21:24:26","modified_gmt":"2023-04-15T20:24:26","slug":"astek-nouvelle-lettre-au-president-du-directoire-pour-la-mise-en-place-du-teletravail","status":"publish","type":"post","link":"https:\/\/foastek.fr\/?p=2467","title":{"rendered":"Nouvelle lettre au Pr\u00e9sident du Directoire pour la mise en place du t\u00e9l\u00e9travail"},"content":{"rendered":"\n<p><em><span class=\"has-inline-color has-vivid-red-color\">Courriel envoy\u00e9 le 9 novembre 2020<\/span><\/em><\/p>\n\n\n\n<p class=\"has-small-font-size\">Bonjour Monsieur,<\/p>\n\n\n\n<p class=\"has-small-font-size\">Suite aux deux messages (du 29 et 30 octobre dernier) que je vous ai adress\u00e9 et pour lesquels je n&rsquo;ai malheureusement eu aucun retour de votre part, je me permets \u00e0 nouveau de vous \u00e9crire.<\/p>\n\n\n\n<p class=\"has-small-font-size\">Dans le message que vous avez adress\u00e9 aux salari\u00e9s le 1er novembre dernier, vous indiquez : <\/p>\n\n\n\n<p style=\"font-size:11px\">\u00ab\u00a0<em>Concernant le personnel travaillant sur site ASTEK, des mesures de t\u00e9l\u00e9travail renforc\u00e9es avaient \u00e9t\u00e9 mises en place de fa\u00e7on anticip\u00e9e \u00e0 effet du 5 octobre 2020, afin de limiter les interactions sociales. Le t\u00e9l\u00e9travail est ainsi le mode de fonctionnement privil\u00e9gi\u00e9, pour toutes les fonctions dont les activit\u00e9s peuvent \u00eatre r\u00e9alis\u00e9es en majorit\u00e9 \u00e0 distance.<br>Cependant, la pr\u00e9sence sur site Astek peut \u00eatre n\u00e9cessaire parce que certaines activit\u00e9s n\u00e9cessitent un fonctionnement en \u00e9quipe ou l\u2019acc\u00e8s \u00e0 des outils, informations ou documents disponibles seulement sur site. Dans ce cas, nous recommandons de limiter la pr\u00e9sence sur site \u00e0 une journ\u00e9e par semaine.<br>Seules les fonctions de management et de recrutement auront une pr\u00e9sence sur site accrue. La poursuite de l\u2019activit\u00e9 sur site Astek sera organis\u00e9e en veillant au strict respect des mesures de protection sanitaire.<\/em>\u00ab\u00a0<\/p>\n\n\n\n<p class=\"has-small-font-size\">La ministre du Travail a indiqu\u00e9 le 1er novembre (dans l&rsquo;\u00e9mission le Grand Jury de RTL) qu&rsquo;il faut \u00ab <em><strong>casser la dynamique de l\u2019\u00e9pid\u00e9mie<\/strong><\/em> \u00bb et pour cela limiter les \u00ab <em><strong>interaction<\/strong>s<\/em> \u00bb au travail. Elle a ajout\u00e9 que le t\u00e9l\u00e9travail \u00ab <em><strong>n\u2019est pas facultatif<\/strong><\/em> \u00bb et que \u00ab <em><strong>si 100 % de vos t\u00e2ches peuvent \u00eatre faites \u00e0 distance, vous devez \u00eatre 5 jours sur 5 en t\u00e9l\u00e9travail.<\/strong><\/em> \u00bb<\/p>\n\n\n\n<p class=\"has-small-font-size\">Depuis le 29 octobre 2020, la derni\u00e8re version du Protocole National pour assurer la Sant\u00e9 et la S\u00e9curit\u00e9 des Salari\u00e9s en Entreprise pr\u00e9voit que \u00ab <em><strong>100% des t\u00e2ches t\u00e9l\u00e9travaillables doivent \u00eatre t\u00e9l\u00e9travaill\u00e9es<\/strong><\/em> \u00bb.<\/p>\n\n\n\n<p class=\"has-small-font-size\">Il me semble donc qu&rsquo;en imposant la pr\u00e9sence accrue (managers, commerciaux, recrutement) ou la venue de salari\u00e9s dans les locaux de l&rsquo;entreprise et pour lesquels leur activit\u00e9 peut \u00eatre r\u00e9alis\u00e9e int\u00e9gralement en t\u00e9l\u00e9travail, vous contrevenez aux d\u00e9cisions du chef de l&rsquo;\u00e9tat et du gouvernement dans la lutte pour enrayer la propagation de l&rsquo;\u00e9pid\u00e9mie.<\/p>\n\n\n\n<p class=\"has-small-font-size\">De plus, je n&rsquo;ose \u00e0 nouveau vous rappeler les dispositions pr\u00e9vues par le Code du Travail (L.4121-1 et suivants) concernant la protection de la sant\u00e9 des salari\u00e9s de l&rsquo;entreprise. Votre d\u00e9cision d&rsquo;imposer des pr\u00e9sences dans les locaux de l&rsquo;entreprise doit s\u00fbrement g\u00e9n\u00e9rer des inqui\u00e9tudes d&rsquo;un certain nombre de salari\u00e9s d&rsquo;\u00eatre oblig\u00e9 de prendre un risque pour se rendre \u00e0 leur travail pour effectuer leur activit\u00e9 alors qu&rsquo;il leur est tout \u00e0 fait possible de l&rsquo;effectuer depuis chez eux.<\/p>\n\n\n\n<p class=\"has-small-font-size\"><strong>Je r\u00e9it\u00e8re donc la question : pourriez-vous nous indiquer de fa\u00e7on pr\u00e9cise pour quelles raisons critiques la pr\u00e9sence de salari\u00e9s est requise ? Et dans le cadre de quelles activit\u00e9s ?<\/strong><\/p>\n\n\n\n<p class=\"has-small-font-size\">Cdt<\/p>\n\n\n\n<p class=\"has-small-font-size\">CL (D\u00e9l\u00e9gu\u00e9 syndical FO, Membre du CSE)<\/p>\n","protected":false},"excerpt":{"rendered":"<div class=\"mh-excerpt\"><p>Courriel envoy\u00e9 le 9 novembre 2020 Bonjour Monsieur, Suite aux deux messages (du 29 et 30 octobre dernier) que je vous ai adress\u00e9 et pour <a class=\"mh-excerpt-more\" href=\"https:\/\/foastek.fr\/?p=2467\" title=\"Nouvelle lettre au Pr\u00e9sident du Directoire pour la mise en place du t\u00e9l\u00e9travail\">[&#8230;]<\/a><\/p>\n<\/div>","protected":false},"author":1,"featured_media":0,"comment_status":"open","ping_status":"open","sticky":false,"template":"","format":"standard","meta":{"h5ap_radio_sources":[],"jetpack_post_was_ever_published":false,"_jetpack_newsletter_access":"","_jetpack_dont_email_post_to_subs":false,"_jetpack_newsletter_tier_id":0,"_jetpack_memberships_contains_paywalled_content":false,"_jetpack_memberships_contains_paid_content":false,"footnotes":"","jetpack_publicize_message":"","jetpack_publicize_feature_enabled":true,"jetpack_social_post_already_shared":true,"jetpack_social_options":{"image_generator_settings":{"template":"highway","default_image_id":0,"font":"","enabled":false},"version":2}},"categories":[2,256],"tags":[213,205,54,37],"class_list":["post-2467","post","type-post","status-publish","format-standard","hentry","category-accueil","category-astek","tag-covid19","tag-salaries","tag-sante","tag-teletravail"],"jetpack_publicize_connections":[],"jetpack_featured_media_url":"","jetpack_sharing_enabled":true,"jetpack_shortlink":"https:\/\/wp.me\/p77E1E-DN","jetpack-related-posts":[],"_links":{"self":[{"href":"https:\/\/foastek.fr\/index.php?rest_route=\/wp\/v2\/posts\/2467","targetHints":{"allow":["GET"]}}],"collection":[{"href":"https:\/\/foastek.fr\/index.php?rest_route=\/wp\/v2\/posts"}],"about":[{"href":"https:\/\/foastek.fr\/index.php?rest_route=\/wp\/v2\/types\/post"}],"author":[{"embeddable":true,"href":"https:\/\/foastek.fr\/index.php?rest_route=\/wp\/v2\/users\/1"}],"replies":[{"embeddable":true,"href":"https:\/\/foastek.fr\/index.php?rest_route=%2Fwp%2Fv2%2Fcomments&post=2467"}],"version-history":[{"count":4,"href":"https:\/\/foastek.fr\/index.php?rest_route=\/wp\/v2\/posts\/2467\/revisions"}],"predecessor-version":[{"id":4238,"href":"https:\/\/foastek.fr\/index.php?rest_route=\/wp\/v2\/posts\/2467\/revisions\/4238"}],"wp:attachment":[{"href":"https:\/\/foastek.fr\/index.php?rest_route=%2Fwp%2Fv2%2Fmedia&parent=2467"}],"wp:term":[{"taxonomy":"category","embeddable":true,"href":"https:\/\/foastek.fr\/index.php?rest_route=%2Fwp%2Fv2%2Fcategories&post=2467"},{"taxonomy":"post_tag","embeddable":true,"href":"https:\/\/foastek.fr\/index.php?rest_route=%2Fwp%2Fv2%2Ftags&post=2467"}],"curies":[{"name":"wp","href":"https:\/\/api.w.org\/{rel}","templated":true}]}}