{"id":2491,"date":"2020-11-13T14:16:07","date_gmt":"2020-11-13T13:16:07","guid":{"rendered":"http:\/\/foastek.fr\/?p=2491"},"modified":"2023-04-15T21:23:56","modified_gmt":"2023-04-15T20:23:56","slug":"astek-confinement-teletravail-retour-des-licenciements-et-des-transactions","status":"publish","type":"post","link":"https:\/\/foastek.fr\/?p=2491","title":{"rendered":"Confinement, t\u00e9l\u00e9travail, retour des licenciements et des transactions"},"content":{"rendered":"\n<p>Alors que le 1er ministre et le ministre du travail mart\u00e8lent que le \u00ab\u00a0le t\u00e9l\u00e9travail n&rsquo;est pas une option\u00a0\u00bb, le PDG du groupe Astek refuse de soutenir l&rsquo;action de l&rsquo;Etat en imposant \u00e0 plus d&rsquo;une centaine de salari\u00e9s de venir travailler dans les locaux de l&rsquo;entreprise (notamment aux managers et aux commerciaux avec 3 \u00e0 4 jours de pr\u00e9sence par semaine). Pourtant, les activit\u00e9s de nombre de ces salari\u00e9s peuvent tout \u00e0 fait \u00eatre r\u00e9alis\u00e9es \u00e0 distance.<\/p>\n\n\n\n<p>En plein confinement, la direction \u00ab\u00a0propose\u00a0\u00bb \u00e0 de nombreux salari\u00e9s en ch\u00f4mage partiel d&rsquo;aller travailler ou de d\u00e9m\u00e9nager dans d&rsquo;autres r\u00e9gions (ex : PACA vers Grand Est, Ile de France vers Hauts de France &#8230;). La direction ne tient m\u00eame pas compte de l&rsquo;\u00e9tat de sant\u00e9 des salari\u00e9s lors de ces \u00ab\u00a0propositions\u00a0\u00bb (salari\u00e9s \u00e0 risque, salari\u00e9es enceinte &#8230;).<\/p>\n\n\n\n<p>De plus, nous sommes r\u00e9guli\u00e8rement inform\u00e9s par des salari\u00e9s que les missions propos\u00e9es ne correspondent ni \u00e0 leurs comp\u00e9tences ni \u00e0 leur projet professionnel. Les managers ou commerciaux qui les contactent ne connaissant pas toujours les environnements techniques et contextes sur lesquels ils demandent aux salari\u00e9s de travailler. Le management \u00ab\u00a0fait clairement comprendre\u00a0\u00bb aux salari\u00e9s qu&rsquo;il faut accepter co\u00fbte que co\u00fbte ces missions.<\/p>\n\n\n\n<p>Celles et ceux qui souhaitent pr\u00e9server leur sant\u00e9 et donc ne pas se d\u00e9placer en raison des contraintes sanitaires ou ne pas r\u00e9aliser une mission en d\u00e9calage \u00e0 leurs comp\u00e9tences et\/ou leur parcours professionnel se voient \u00ab\u00a0sermonner\u00a0\u00bb par leur manager sur leur t\u00e9l\u00e9phone personnel et\/ou convoquer par la direction !<\/p>\n\n\n\n<p>Enfin, nous constatons le retour d&rsquo;entretiens pr\u00e9alable \u00e0 sanction et de licenciements avec une dizaine de cas en quelques jours. Les motifs sont surr\u00e9alistes : insubordination, insuffisance professionnelle, refus de mobilit\u00e9 &#8230; Tr\u00e8s r\u00e9cemment, un salari\u00e9 nous a inform\u00e9 d&rsquo;une proposition d&rsquo;arrangement : \u00ab\u00a0On te licencie pour faute avec une transaction SINON on t&rsquo;envoie n&rsquo;importe o\u00f9 en France et tu ne pourras pas faire de t\u00e9l\u00e9travail\u00a0\u00bb.<\/p>\n\n\n\n<p>Le GreatPlaceToWork tant vant\u00e9 est bien loin des situations rencontr\u00e9es par un certain nombre de salari\u00e9s !<\/p>\n\n\n\n<p>Chez <em><strong><span class=\"has-inline-color has-vivid-red-color\">FO<\/span><\/strong><\/em>, nous regrettons une nouvelle fois l&rsquo;attitude de la direction qui, par ses actions en d\u00e9calage avec les publications sur les r\u00e9seaux sociaux, blog et site du groupe, donne une bien mauvaise image alors qu&rsquo;elle r\u00e9alise des b\u00e9n\u00e9fices cons\u00e9quents et met \u00e0 contribution l&rsquo;\u00e9tat (ch\u00f4mage partiel).<\/p>\n","protected":false},"excerpt":{"rendered":"<div class=\"mh-excerpt\"><p>Alors que le 1er ministre et le ministre du travail mart\u00e8lent que le \u00ab\u00a0le t\u00e9l\u00e9travail n&rsquo;est pas une option\u00a0\u00bb, le PDG du groupe Astek refuse <a class=\"mh-excerpt-more\" href=\"https:\/\/foastek.fr\/?p=2491\" title=\"Confinement, t\u00e9l\u00e9travail, retour des licenciements et des transactions\">[&#8230;]<\/a><\/p>\n<\/div>","protected":false},"author":1,"featured_media":0,"comment_status":"open","ping_status":"open","sticky":false,"template":"","format":"standard","meta":{"h5ap_radio_sources":[],"jetpack_post_was_ever_published":false,"_jetpack_newsletter_access":"","_jetpack_dont_email_post_to_subs":false,"_jetpack_newsletter_tier_id":0,"_jetpack_memberships_contains_paywalled_content":false,"_jetpack_memberships_contains_paid_content":false,"footnotes":"","jetpack_publicize_message":"","jetpack_publicize_feature_enabled":true,"jetpack_social_post_already_shared":true,"jetpack_social_options":{"image_generator_settings":{"template":"highway","default_image_id":0,"font":"","enabled":false},"version":2}},"categories":[2,256],"tags":[213,22,37],"class_list":["post-2491","post","type-post","status-publish","format-standard","hentry","category-accueil","category-astek","tag-covid19","tag-licenciement","tag-teletravail"],"jetpack_publicize_connections":[],"jetpack_featured_media_url":"","jetpack_sharing_enabled":true,"jetpack_shortlink":"https:\/\/wp.me\/p77E1E-Eb","jetpack-related-posts":[],"_links":{"self":[{"href":"https:\/\/foastek.fr\/index.php?rest_route=\/wp\/v2\/posts\/2491","targetHints":{"allow":["GET"]}}],"collection":[{"href":"https:\/\/foastek.fr\/index.php?rest_route=\/wp\/v2\/posts"}],"about":[{"href":"https:\/\/foastek.fr\/index.php?rest_route=\/wp\/v2\/types\/post"}],"author":[{"embeddable":true,"href":"https:\/\/foastek.fr\/index.php?rest_route=\/wp\/v2\/users\/1"}],"replies":[{"embeddable":true,"href":"https:\/\/foastek.fr\/index.php?rest_route=%2Fwp%2Fv2%2Fcomments&post=2491"}],"version-history":[{"count":2,"href":"https:\/\/foastek.fr\/index.php?rest_route=\/wp\/v2\/posts\/2491\/revisions"}],"predecessor-version":[{"id":4237,"href":"https:\/\/foastek.fr\/index.php?rest_route=\/wp\/v2\/posts\/2491\/revisions\/4237"}],"wp:attachment":[{"href":"https:\/\/foastek.fr\/index.php?rest_route=%2Fwp%2Fv2%2Fmedia&parent=2491"}],"wp:term":[{"taxonomy":"category","embeddable":true,"href":"https:\/\/foastek.fr\/index.php?rest_route=%2Fwp%2Fv2%2Fcategories&post=2491"},{"taxonomy":"post_tag","embeddable":true,"href":"https:\/\/foastek.fr\/index.php?rest_route=%2Fwp%2Fv2%2Ftags&post=2491"}],"curies":[{"name":"wp","href":"https:\/\/api.w.org\/{rel}","templated":true}]}}