{"id":254,"date":"2015-07-20T09:48:57","date_gmt":"2015-07-20T08:48:57","guid":{"rendered":"http:\/\/foastek.fr\/?p=254"},"modified":"2023-04-15T20:30:15","modified_gmt":"2023-04-15T19:30:15","slug":"journee-dite-de-solidarite","status":"publish","type":"post","link":"https:\/\/foastek.fr\/?p=254","title":{"rendered":"Journ\u00e9e dite de \u00ab\u00a0Solidarit\u00e9\u00a0\u00bb"},"content":{"rendered":"<p>La n\u00e9gociation sur <strong>la journ\u00e9e dite de solidarit\u00e9<\/strong> \u00e9tait <strong>le 1<sup>er<\/sup> rendez-vous<\/strong> entre les\u00a0organisations syndicales issues des urnes (<strong><em>FO<\/em><\/strong>, CFDT, Solidaires Informatique et CFTC) et la Direction. Malgr\u00e9 l\u2019envie de vos \u00e9lus syndiqu\u00e9s <strong>de r\u00e9ussir cette\u00a01<sup>\u00e8re<\/sup> n\u00e9gociation<\/strong> pour vous, <strong>la\u00a0Direction\u00a0en a d\u00e9cid\u00e9 autrement<\/strong>.<\/p>\n<p>Pour en savoir un peu plus, t\u00e9l\u00e9chargez le communiqu\u00e9 de la section FO Astek intitul\u00e9 <a href=\"http:\/\/foastek.fr\/wp-content\/uploads\/2016\/02\/tract-fo-n017-journee-de-solidarite.pdf\" rel=\"\">Journ\u00e9e de Solidarit\u00e9 2015<\/a>\u00a0(pdf, 1 page, 218 Ko).<\/p>\n","protected":false},"excerpt":{"rendered":"<div class=\"mh-excerpt\"><p>La n\u00e9gociation sur la journ\u00e9e dite de solidarit\u00e9 \u00e9tait le 1er rendez-vous entre les\u00a0organisations syndicales issues des urnes (FO, CFDT, Solidaires Informatique et CFTC) et <a class=\"mh-excerpt-more\" href=\"https:\/\/foastek.fr\/?p=254\" title=\"Journ\u00e9e dite de \u00ab\u00a0Solidarit\u00e9\u00a0\u00bb\">[&#8230;]<\/a><\/p>\n<\/div>","protected":false},"author":1,"featured_media":0,"comment_status":"open","ping_status":"open","sticky":false,"template":"","format":"standard","meta":{"h5ap_radio_sources":[],"jetpack_post_was_ever_published":false,"_jetpack_newsletter_access":"","_jetpack_dont_email_post_to_subs":false,"_jetpack_newsletter_tier_id":0,"_jetpack_memberships_contains_paywalled_content":false,"_jetpack_memberships_contains_paid_content":false,"footnotes":"","jetpack_publicize_message":"","jetpack_publicize_feature_enabled":true,"jetpack_social_post_already_shared":true,"jetpack_social_options":{"image_generator_settings":{"template":"highway","default_image_id":0,"font":"","enabled":false},"version":2}},"categories":[2,256,7],"tags":[83,72],"class_list":["post-254","post","type-post","status-publish","format-standard","hentry","category-accueil","category-astek","category-negociations","tag-journee-de-solidarite","tag-negociations"],"jetpack_publicize_connections":[],"jetpack_featured_media_url":"","jetpack_sharing_enabled":true,"jetpack_shortlink":"https:\/\/wp.me\/p77E1E-46","jetpack-related-posts":[],"_links":{"self":[{"href":"https:\/\/foastek.fr\/index.php?rest_route=\/wp\/v2\/posts\/254","targetHints":{"allow":["GET"]}}],"collection":[{"href":"https:\/\/foastek.fr\/index.php?rest_route=\/wp\/v2\/posts"}],"about":[{"href":"https:\/\/foastek.fr\/index.php?rest_route=\/wp\/v2\/types\/post"}],"author":[{"embeddable":true,"href":"https:\/\/foastek.fr\/index.php?rest_route=\/wp\/v2\/users\/1"}],"replies":[{"embeddable":true,"href":"https:\/\/foastek.fr\/index.php?rest_route=%2Fwp%2Fv2%2Fcomments&post=254"}],"version-history":[{"count":1,"href":"https:\/\/foastek.fr\/index.php?rest_route=\/wp\/v2\/posts\/254\/revisions"}],"predecessor-version":[{"id":256,"href":"https:\/\/foastek.fr\/index.php?rest_route=\/wp\/v2\/posts\/254\/revisions\/256"}],"wp:attachment":[{"href":"https:\/\/foastek.fr\/index.php?rest_route=%2Fwp%2Fv2%2Fmedia&parent=254"}],"wp:term":[{"taxonomy":"category","embeddable":true,"href":"https:\/\/foastek.fr\/index.php?rest_route=%2Fwp%2Fv2%2Fcategories&post=254"},{"taxonomy":"post_tag","embeddable":true,"href":"https:\/\/foastek.fr\/index.php?rest_route=%2Fwp%2Fv2%2Ftags&post=254"}],"curies":[{"name":"wp","href":"https:\/\/api.w.org\/{rel}","templated":true}]}}