{"id":257,"date":"2015-07-20T08:00:49","date_gmt":"2015-07-20T07:00:49","guid":{"rendered":"http:\/\/foastek.fr\/?p=257"},"modified":"2016-02-16T11:24:47","modified_gmt":"2016-02-16T10:24:47","slug":"harcelement-moral-des-rapports-sociaux-a-proteger","status":"publish","type":"post","link":"https:\/\/foastek.fr\/?p=257","title":{"rendered":"Harc\u00e8lement moral :  Des rapports sociaux \u00e0 prot\u00e9ger !"},"content":{"rendered":"<p>En d\u00e9cembre 2014, la DARES publiait <a href=\"http:\/\/travail-emploi.gouv.fr\/etudes-recherches-statistiques-de,76\/etudes-et-recherches,77\/publications-dares,98\/dares-analyses-dares-indicateurs,102\/2014-100-les-facteurs-de-risques,18343.html\" target=\"_blank\">un \u00e9tat des lieux des facteurs de risques psychosociaux en France et en Europe<\/a>. Une \u00e9tude qui indiquait que compar\u00e9e \u00e0 nos voisins europ\u00e9ens, la France arrivait en t\u00eate des pays expos\u00e9s au harc\u00e8lement moral. Les salari\u00e9s fran\u00e7ais y faisaient en effet \u00e9tat de difficult\u00e9s dans leurs rapports sociaux au travail, notamment avec leur hi\u00e9rarchie. Une situation qui n\u00e9cessite pour les salari\u00e9s et notamment les cadres une meilleure connaissance de leurs droits et des obligations des employeurs en la mati\u00e8re.<!--more--><span id=\"more-10897\"><\/span><\/p>\n<p><strong><a href=\"https:\/\/i0.wp.com\/www.fo-cadres.fr\/content\/uploads\/2015\/06\/cd-de-travail-08.jpg\"><img data-recalc-dims=\"1\" loading=\"lazy\" decoding=\"async\" class=\"alignleft size-thumbnail wp-image-10899\" src=\"https:\/\/i0.wp.com\/www.fo-cadres.fr\/content\/uploads\/2015\/06\/cd-de-travail-08-135x135.jpg?resize=135%2C135\" alt=\"harc\u00e8lement moral\" width=\"135\" height=\"135\" \/><\/a>Quelle est la d\u00e9finition du harc\u00e8lement moral\u00a0?<\/strong><\/p>\n<p>Le harc\u00e8lement moral se caract\u00e9rise par des agissements r\u00e9p\u00e9t\u00e9s qui ont pour objet ou pour effet une d\u00e9gradation des conditions de travail susceptibles de porter atteinte aux droits et \u00e0 la dignit\u00e9 du salari\u00e9, d\u2019alt\u00e9rer sa sant\u00e9 physique ou mentale, ou de compromettre son avenir professionnel. Le harc\u00e8lement peut \u00eatre le fait de l\u2019employeur lui-m\u00eame, d\u2019un sup\u00e9rieur hi\u00e9rarchique mais \u00e9galement d\u2019un coll\u00e8gue ou encore d\u2019un subordonn\u00e9.<\/p>\n<p><strong>Quels sont les exemples concrets de harc\u00e8lement moral\u00a0?<\/strong><\/p>\n<p>Il y a plusieurs manifestations des faits de harc\u00e8lement moral, la jurisprudence a ainsi consid\u00e9r\u00e9 que lorsqu\u2019un collaborateur est victime de propos blessants et humiliants comme des remarques d\u00e9plac\u00e9s sur le fait de ne pas \u00eatre \u00e0 son poste de travail, sur sa tenue ou encore de discuter entre coll\u00e8gues, prof\u00e9r\u00e9s de mani\u00e8re r\u00e9p\u00e9t\u00e9e par un sup\u00e9rieur hi\u00e9rarchique constitue un harc\u00e8lement moral. Il en va \u00e9galement ainsi lorsqu\u2019un salari\u00e9 subit de son employeur un comportement agressif traduisant une volont\u00e9 de restreindre ses fonctions au sein de l\u2019entreprise. Bien \u00e9videmment, il ne s\u2019agit que d\u2019exemples, il existe bien d\u2019autres formes de harc\u00e8lement moral en entreprise.<\/p>\n<p><strong>Comment r\u00e9agir face \u00e0 une situation de harc\u00e8lement moral\u00a0?<\/strong><\/p>\n<p>La saisine des repr\u00e9sentants du personnel est la premi\u00e8re d\u00e9marche \u00e0 effectuer, en effet le d\u00e9l\u00e9gu\u00e9 du personnel peut notamment exercer un droit d\u2019alerte en cas de harc\u00e8lement moral ou de violence au travail.\u00a0Le salari\u00e9 victime peut \u00e9galement contacter l\u2019inspection du travail, l\u2019inspecteur du travail est notamment comp\u00e9tent pour contr\u00f4ler l\u2019ex\u00e9cution des dispositions relatives \u00e0 la sant\u00e9 et la s\u00e9curit\u00e9\u00a0et il peut agir en cas de manquement. Enfin, il est \u00e9galement possible de faire intervenir un m\u00e9diateur, c\u2019est une proc\u00e9dure assez peu usit\u00e9e dans la mesure o\u00f9 les deux parties, sch\u00e9matiquement \u00ab\u00a0harceleur\u00a0\u00bb et \u00ab\u00a0harcel\u00e9\u00a0\u00bb, doivent donner toutes les deux leur accord \u00e0 une m\u00e9diation.<\/p>\n<p><strong>Quelles sont les obligations de l\u2019employeur en la mati\u00e8re\u00a0?<\/strong><\/p>\n<p>L\u2019employeur a l\u2019obligation de prendre toutes les mesures n\u00e9cessaires en vue de pr\u00e9venir et de faire cesser les agissements de harc\u00e8lement moral. Il a ici une obligation de r\u00e9sultat. Ainsi, en cas de faits de harc\u00e8lement av\u00e9r\u00e9s, l\u2019employeur doit sanctionner dans le d\u00e9lai de 2 mois les auteurs de harc\u00e8lement. N\u00e9anmoins, <a href=\"http:\/\/www.legifrance.gouv.fr\/affichJuriJudi.do?oldAction=rechJuriJudi&amp;idTexte=JURITEXT000029632912&amp;fastReqId=1372359523&amp;fastPos=1\" target=\"_blank\">la jurisprudence a r\u00e9cemment d\u00e9cid\u00e9 que l\u2019employeur ne devait pas obligatoirement sanctionner le \u00ab\u00a0harceleur\u00a0\u00bb par un licenciement pour faute grave<\/a>\u00a0!<\/p>\n<p><strong>Comment rapporter la preuve d\u2019un harc\u00e8lement moral devant le conseil de prud\u2019hommes\u00a0?<\/strong><\/p>\n<p>En cas de litige prud\u2019homal, la charge de la preuve qui incombe au salari\u00e9 est am\u00e9nag\u00e9e. Il doit \u00e9tablir des faits objectifs permettant de pr\u00e9sumer l\u2019existence d\u2019un harc\u00e8lement moral, il peut l\u2019\u00e9tablir en apportant devant le juge des t\u00e9moignages, des attestations ou encore des certificats m\u00e9dicaux. L\u2019employeur doit lui justifier que les faits ne caract\u00e9risent pas une situation de harc\u00e8lement mais sont justifi\u00e9s par des \u00e9l\u00e9ments objectifs et \u00e9trangers \u00e0 tout harc\u00e8lement. L\u2019action peut \u00eatre intent\u00e9e contre l\u2019auteur du harc\u00e8lement mais \u00e9galement contre l\u2019employeur au titre de son obligation de s\u00e9curit\u00e9 de r\u00e9sultat et le pr\u00e9judice subi sera r\u00e9par\u00e9 par l\u2019attribution de dommages et int\u00e9r\u00eats.<\/p>\n<p>Source : FO Cadres<\/p>\n","protected":false},"excerpt":{"rendered":"<div class=\"mh-excerpt\"><p>En d\u00e9cembre 2014, la DARES publiait un \u00e9tat des lieux des facteurs de risques psychosociaux en France et en Europe. Une \u00e9tude qui indiquait que <a class=\"mh-excerpt-more\" href=\"https:\/\/foastek.fr\/?p=257\" title=\"Harc\u00e8lement moral :  Des rapports sociaux \u00e0 prot\u00e9ger !\">[&#8230;]<\/a><\/p>\n<\/div>","protected":false},"author":1,"featured_media":0,"comment_status":"open","ping_status":"open","sticky":false,"template":"","format":"standard","meta":{"h5ap_radio_sources":[],"jetpack_post_was_ever_published":false,"_jetpack_newsletter_access":"","_jetpack_dont_email_post_to_subs":false,"_jetpack_newsletter_tier_id":0,"_jetpack_memberships_contains_paywalled_content":false,"_jetpack_memberships_contains_paid_content":false,"footnotes":"","jetpack_publicize_message":"","jetpack_publicize_feature_enabled":true,"jetpack_social_post_already_shared":true,"jetpack_social_options":{"image_generator_settings":{"template":"highway","default_image_id":0,"font":"","enabled":false},"version":2}},"categories":[2,10],"tags":[84],"class_list":["post-257","post","type-post","status-publish","format-standard","hentry","category-accueil","category-vos-droits","tag-harcelement"],"jetpack_publicize_connections":[],"jetpack_featured_media_url":"","jetpack_sharing_enabled":true,"jetpack_shortlink":"https:\/\/wp.me\/p77E1E-49","jetpack-related-posts":[],"_links":{"self":[{"href":"https:\/\/foastek.fr\/index.php?rest_route=\/wp\/v2\/posts\/257","targetHints":{"allow":["GET"]}}],"collection":[{"href":"https:\/\/foastek.fr\/index.php?rest_route=\/wp\/v2\/posts"}],"about":[{"href":"https:\/\/foastek.fr\/index.php?rest_route=\/wp\/v2\/types\/post"}],"author":[{"embeddable":true,"href":"https:\/\/foastek.fr\/index.php?rest_route=\/wp\/v2\/users\/1"}],"replies":[{"embeddable":true,"href":"https:\/\/foastek.fr\/index.php?rest_route=%2Fwp%2Fv2%2Fcomments&post=257"}],"version-history":[{"count":1,"href":"https:\/\/foastek.fr\/index.php?rest_route=\/wp\/v2\/posts\/257\/revisions"}],"predecessor-version":[{"id":258,"href":"https:\/\/foastek.fr\/index.php?rest_route=\/wp\/v2\/posts\/257\/revisions\/258"}],"wp:attachment":[{"href":"https:\/\/foastek.fr\/index.php?rest_route=%2Fwp%2Fv2%2Fmedia&parent=257"}],"wp:term":[{"taxonomy":"category","embeddable":true,"href":"https:\/\/foastek.fr\/index.php?rest_route=%2Fwp%2Fv2%2Fcategories&post=257"},{"taxonomy":"post_tag","embeddable":true,"href":"https:\/\/foastek.fr\/index.php?rest_route=%2Fwp%2Fv2%2Ftags&post=257"}],"curies":[{"name":"wp","href":"https:\/\/api.w.org\/{rel}","templated":true}]}}