{"id":259,"date":"2015-07-13T07:00:18","date_gmt":"2015-07-13T06:00:18","guid":{"rendered":"http:\/\/foastek.fr\/?p=259"},"modified":"2023-04-15T20:31:23","modified_gmt":"2023-04-15T19:31:23","slug":"la-fin-des-4h-rentree-scolaire","status":"publish","type":"post","link":"https:\/\/foastek.fr\/?p=259","title":{"rendered":"La fin des 4h rentr\u00e9e scolaire"},"content":{"rendered":"<p>Depuis deux ans, une mesure \u00e9tait pr\u00e9vue par la Direction pour permettre aux parents d\u2019enfants scolaris\u00e9s en maternelle ou primaire de s\u2019organiser lors de la rentr\u00e9e scolaire afin de pouvoir s&rsquo;absenter 4h sur la semaine de rentr\u00e9e. Ces heures, consid\u00e9r\u00e9es comme du temps de travail et non comme un am\u00e9nagement du temps de travail, n\u2019\u00e9taient pas \u00e0 r\u00e9cup\u00e9rer.<\/p>\n<p>Eh bien, c\u2019est fini ! Cette mesure n&rsquo;existe plus \u2026 mais la direction ne communiquera pas l\u00e0-dessus.<\/p>\n<p>L&rsquo;an dernier, FO avait pourtant salu\u00e9 l\u2019initiative de la direction et souhaitait participer \u00e0 la n\u00e9gociation d\u2019un accord d\u2019entreprise permettant de mieux prendre en consid\u00e9ration les contraintes des parents dans l\u2019organisation du travail. Mettre en place de \u00ab jours enfant malade \u00bb r\u00e9mun\u00e9r\u00e9s, encourager la r\u00e9duction du temps de travail ou limiter la mobilit\u00e9 des parents sont autant de pistes qui permettraient de mieux concilier la vie personnelle et professionnelle des salari\u00e9s &#8230;<\/p>\n<p>En supprimant l&rsquo;une des rares mesures sociales dans l&rsquo;entreprise, la Direction envoie \u00e0 nouveau un message n\u00e9gatif \u00e0 l&rsquo;attention de ses salari\u00e9s.<\/p>\n","protected":false},"excerpt":{"rendered":"<div class=\"mh-excerpt\"><p>Depuis deux ans, une mesure \u00e9tait pr\u00e9vue par la Direction pour permettre aux parents d\u2019enfants scolaris\u00e9s en maternelle ou primaire de s\u2019organiser lors de la <a class=\"mh-excerpt-more\" href=\"https:\/\/foastek.fr\/?p=259\" title=\"La fin des 4h rentr\u00e9e scolaire\">[&#8230;]<\/a><\/p>\n<\/div>","protected":false},"author":1,"featured_media":0,"comment_status":"open","ping_status":"open","sticky":false,"template":"","format":"standard","meta":{"h5ap_radio_sources":[],"jetpack_post_was_ever_published":false,"_jetpack_newsletter_access":"","_jetpack_dont_email_post_to_subs":false,"_jetpack_newsletter_tier_id":0,"_jetpack_memberships_contains_paywalled_content":false,"_jetpack_memberships_contains_paid_content":false,"footnotes":"","jetpack_publicize_message":"","jetpack_publicize_feature_enabled":true,"jetpack_social_post_already_shared":true,"jetpack_social_options":{"image_generator_settings":{"template":"highway","default_image_id":0,"font":"","enabled":false},"version":2}},"categories":[2,256],"tags":[85],"class_list":["post-259","post","type-post","status-publish","format-standard","hentry","category-accueil","category-astek","tag-rentree-scolaire"],"jetpack_publicize_connections":[],"jetpack_featured_media_url":"","jetpack_sharing_enabled":true,"jetpack_shortlink":"https:\/\/wp.me\/p77E1E-4b","jetpack-related-posts":[],"_links":{"self":[{"href":"https:\/\/foastek.fr\/index.php?rest_route=\/wp\/v2\/posts\/259","targetHints":{"allow":["GET"]}}],"collection":[{"href":"https:\/\/foastek.fr\/index.php?rest_route=\/wp\/v2\/posts"}],"about":[{"href":"https:\/\/foastek.fr\/index.php?rest_route=\/wp\/v2\/types\/post"}],"author":[{"embeddable":true,"href":"https:\/\/foastek.fr\/index.php?rest_route=\/wp\/v2\/users\/1"}],"replies":[{"embeddable":true,"href":"https:\/\/foastek.fr\/index.php?rest_route=%2Fwp%2Fv2%2Fcomments&post=259"}],"version-history":[{"count":1,"href":"https:\/\/foastek.fr\/index.php?rest_route=\/wp\/v2\/posts\/259\/revisions"}],"predecessor-version":[{"id":260,"href":"https:\/\/foastek.fr\/index.php?rest_route=\/wp\/v2\/posts\/259\/revisions\/260"}],"wp:attachment":[{"href":"https:\/\/foastek.fr\/index.php?rest_route=%2Fwp%2Fv2%2Fmedia&parent=259"}],"wp:term":[{"taxonomy":"category","embeddable":true,"href":"https:\/\/foastek.fr\/index.php?rest_route=%2Fwp%2Fv2%2Fcategories&post=259"},{"taxonomy":"post_tag","embeddable":true,"href":"https:\/\/foastek.fr\/index.php?rest_route=%2Fwp%2Fv2%2Ftags&post=259"}],"curies":[{"name":"wp","href":"https:\/\/api.w.org\/{rel}","templated":true}]}}