{"id":267,"date":"2015-07-02T07:30:25","date_gmt":"2015-07-02T06:30:25","guid":{"rendered":"http:\/\/foastek.fr\/?p=267"},"modified":"2023-04-15T20:31:42","modified_gmt":"2023-04-15T19:31:42","slug":"situation-sociale-horaires-individualises-asc","status":"publish","type":"post","link":"https:\/\/foastek.fr\/?p=267","title":{"rendered":"Situation sociale, horaires individualis\u00e9s, ASC"},"content":{"rendered":"<p>Alors qu\u2019en avril dernier, FO s\u2019inqui\u00e9tait de la mise sous pression de nos coll\u00e8gues, la Direction a pass\u00e9 un nouveau palier : missions \u00e9loign\u00e9es dans des conditions d\u00e9fiant toute concurrence (un seul retour par mois pris en charge par Astek, une indemnit\u00e9 de 40 \u20ac \/ jour pour se loger \u2026), accord d\u2019entreprise \u00ab s\u00e9niors \u00bb bafou\u00e9 (non respect de la disposition sur la limitation de l\u2019\u00e9loignement), heures suppl\u00e9mentaires ni\u00e9es ou non compens\u00e9es, pression accrue sur les projets \u00e0 engagement de r\u00e9sultat \u2026 FO est tr\u00e8s inquiet car nous rencontrons de plus en plus de coll\u00e8gues \u00e9nerv\u00e9s, d\u00e9prim\u00e9s, fatigu\u00e9s, stress\u00e9s. Des salari\u00e9s sont m\u00eame sanctionn\u00e9s parce qu\u2019ils n\u2019acceptent pas ces conditions d\u00e9risoires.<\/p>\n<p>Pour en savoir un peu plus, t\u00e9l\u00e9chargez le communiqu\u00e9 de la section FO Astek intitul\u00e9 <a href=\"http:\/\/foastek.fr\/wp-content\/uploads\/2016\/02\/tract-fo-n016-situation-sociale-horaires-individualises-asc.pdf\" rel=\"\">Situation sociale, horaires individualis\u00e9s, ASC<\/a>&nbsp;(pdf, 5 pages, 691 Ko).<\/p>\n","protected":false},"excerpt":{"rendered":"<div class=\"mh-excerpt\"><p>Alors qu\u2019en avril dernier, FO s\u2019inqui\u00e9tait de la mise sous pression de nos coll\u00e8gues, la Direction a pass\u00e9 un nouveau palier : missions \u00e9loign\u00e9es dans <a class=\"mh-excerpt-more\" href=\"https:\/\/foastek.fr\/?p=267\" title=\"Situation sociale, horaires individualis\u00e9s, ASC\">[&#8230;]<\/a><\/p>\n<\/div>","protected":false},"author":1,"featured_media":0,"comment_status":"open","ping_status":"open","sticky":false,"template":"","format":"standard","meta":{"h5ap_radio_sources":[],"jetpack_post_was_ever_published":false,"_jetpack_newsletter_access":"","_jetpack_dont_email_post_to_subs":false,"_jetpack_newsletter_tier_id":0,"_jetpack_memberships_contains_paywalled_content":false,"_jetpack_memberships_contains_paid_content":false,"footnotes":"","jetpack_publicize_message":"","jetpack_publicize_feature_enabled":true,"jetpack_social_post_already_shared":true,"jetpack_social_options":{"image_generator_settings":{"template":"highway","default_image_id":0,"font":"","enabled":false},"version":2}},"categories":[2,256,4],"tags":[86,87,72,88,26],"class_list":["post-267","post","type-post","status-publish","format-standard","hentry","category-accueil","category-astek","category-communication","tag-asc","tag-horaires-individualises","tag-negociations","tag-situation-sociale","tag-tract"],"jetpack_publicize_connections":[],"jetpack_featured_media_url":"","jetpack_sharing_enabled":true,"jetpack_shortlink":"https:\/\/wp.me\/p77E1E-4j","jetpack-related-posts":[],"_links":{"self":[{"href":"https:\/\/foastek.fr\/index.php?rest_route=\/wp\/v2\/posts\/267","targetHints":{"allow":["GET"]}}],"collection":[{"href":"https:\/\/foastek.fr\/index.php?rest_route=\/wp\/v2\/posts"}],"about":[{"href":"https:\/\/foastek.fr\/index.php?rest_route=\/wp\/v2\/types\/post"}],"author":[{"embeddable":true,"href":"https:\/\/foastek.fr\/index.php?rest_route=\/wp\/v2\/users\/1"}],"replies":[{"embeddable":true,"href":"https:\/\/foastek.fr\/index.php?rest_route=%2Fwp%2Fv2%2Fcomments&post=267"}],"version-history":[{"count":4,"href":"https:\/\/foastek.fr\/index.php?rest_route=\/wp\/v2\/posts\/267\/revisions"}],"predecessor-version":[{"id":4150,"href":"https:\/\/foastek.fr\/index.php?rest_route=\/wp\/v2\/posts\/267\/revisions\/4150"}],"wp:attachment":[{"href":"https:\/\/foastek.fr\/index.php?rest_route=%2Fwp%2Fv2%2Fmedia&parent=267"}],"wp:term":[{"taxonomy":"category","embeddable":true,"href":"https:\/\/foastek.fr\/index.php?rest_route=%2Fwp%2Fv2%2Fcategories&post=267"},{"taxonomy":"post_tag","embeddable":true,"href":"https:\/\/foastek.fr\/index.php?rest_route=%2Fwp%2Fv2%2Ftags&post=267"}],"curies":[{"name":"wp","href":"https:\/\/api.w.org\/{rel}","templated":true}]}}