{"id":27,"date":"2015-10-31T11:11:39","date_gmt":"2015-10-31T10:11:39","guid":{"rendered":"http:\/\/foastek.fr\/?p=27"},"modified":"2023-04-15T20:33:16","modified_gmt":"2023-04-15T19:33:16","slug":"pour-halloween-fo-condamne-la-chasse-aux-sorcieres","status":"publish","type":"post","link":"https:\/\/foastek.fr\/?p=27","title":{"rendered":"Pour Halloween, FO condamne la chasse aux sorci\u00e8res"},"content":{"rendered":"<p><a href=\"https:\/\/i0.wp.com\/foastek.fr\/wp-content\/uploads\/2015\/11\/RassemblementFO_ChasseAuxSorcieres.jpg\"><img data-recalc-dims=\"1\" loading=\"lazy\" decoding=\"async\" data-attachment-id=\"28\" data-permalink=\"https:\/\/foastek.fr\/?attachment_id=28\" data-orig-file=\"https:\/\/i0.wp.com\/foastek.fr\/wp-content\/uploads\/2015\/11\/RassemblementFO_ChasseAuxSorcieres.jpg?fit=1830%2C860&amp;ssl=1\" data-orig-size=\"1830,860\" data-comments-opened=\"1\" data-image-meta=\"{&quot;aperture&quot;:&quot;0&quot;,&quot;credit&quot;:&quot;&quot;,&quot;camera&quot;:&quot;&quot;,&quot;caption&quot;:&quot;&quot;,&quot;created_timestamp&quot;:&quot;0&quot;,&quot;copyright&quot;:&quot;&quot;,&quot;focal_length&quot;:&quot;0&quot;,&quot;iso&quot;:&quot;0&quot;,&quot;shutter_speed&quot;:&quot;0&quot;,&quot;title&quot;:&quot;&quot;,&quot;orientation&quot;:&quot;0&quot;}\" data-image-title=\"RassemblementFO_ChasseAuxSorcieres\" data-image-description=\"\" data-image-caption=\"\" data-large-file=\"https:\/\/i0.wp.com\/foastek.fr\/wp-content\/uploads\/2015\/11\/RassemblementFO_ChasseAuxSorcieres.jpg?fit=1024%2C481&amp;ssl=1\" class=\"alignleft size-medium wp-image-28\" src=\"https:\/\/i0.wp.com\/foastek.fr\/wp-content\/uploads\/2015\/11\/RassemblementFO_ChasseAuxSorcieres.jpg?resize=300%2C141\" alt=\"RassemblementFO_ChasseAuxSorcieres\" width=\"300\" height=\"141\" srcset=\"https:\/\/i0.wp.com\/foastek.fr\/wp-content\/uploads\/2015\/11\/RassemblementFO_ChasseAuxSorcieres.jpg?resize=300%2C141&amp;ssl=1 300w, https:\/\/i0.wp.com\/foastek.fr\/wp-content\/uploads\/2015\/11\/RassemblementFO_ChasseAuxSorcieres.jpg?resize=1024%2C481&amp;ssl=1 1024w, https:\/\/i0.wp.com\/foastek.fr\/wp-content\/uploads\/2015\/11\/RassemblementFO_ChasseAuxSorcieres.jpg?w=1830&amp;ssl=1 1830w\" sizes=\"auto, (max-width: 300px) 100vw, 300px\" \/><\/a>Ce vendredi, le syndicat FO a organis\u00e9 un rassemblement surprise pour condamner la chasse aux sorci\u00e8res dont sont victimes les repr\u00e9sentants du personnel notamment suite \u00e0 la publication de r\u00e9centes r\u00e9v\u00e9lations parues dans la presse (L&rsquo;humanit\u00e9, Politis &#8230;) concernant l&rsquo;organisation de nombreux licenciements abusifs par le groupe Astek.<\/p>\n<p>https:\/\/foastek.wordpress.com\/2015\/09\/25\/la-recette-des-licenciements-secs-chez-astek-daterait-de-2009\/<\/p>\n<p>https:\/\/foastek.wordpress.com\/2015\/09\/15\/la-presse-epingle-le-groupe-astek-et-astek-sud-est\/<\/p>\n<p>Christophe Luis, d\u00e9l\u00e9gu\u00e9 syndical central FO Astek, \u00e9voque dans la presse (\u00e9dition Le Progr\u00e8s de Lyon du 31 octobre) \u00ab <strong>un non-respect du code du travail portant sur le temps de travail, les heures de mission pour se d\u00e9placer, les accords de branche comme l\u2019\u00e9galit\u00e9 professionnelle ou les risques psychosociaux<\/strong> \u00bb.<\/p>\n<p>Le directeur J\u00e9r\u00e9my Delegue joint par la journaliste d\u00e9clare \u00ab <strong>Il n\u2019y a que Force Ouvri\u00e8re pour parler de chasse aux sorci\u00e8res et se plaindre des conditions de travail<\/strong> \u00bb et de conclure par \u00ab <strong>le rassemblement organis\u00e9, ce vendredi, devant l\u2019agence lyonnaise est un non-\u00e9v\u00e9nement<\/strong> \u00bb.<\/p>\n","protected":false},"excerpt":{"rendered":"<div class=\"mh-excerpt\"><p>Ce vendredi, le syndicat FO a organis\u00e9 un rassemblement surprise pour condamner la chasse aux sorci\u00e8res dont sont victimes les repr\u00e9sentants du personnel notamment suite <a class=\"mh-excerpt-more\" href=\"https:\/\/foastek.fr\/?p=27\" title=\"Pour Halloween, FO condamne la chasse aux sorci\u00e8res\">[&#8230;]<\/a><\/p>\n<\/div>","protected":false},"author":1,"featured_media":0,"comment_status":"open","ping_status":"open","sticky":false,"template":"","format":"standard","meta":{"h5ap_radio_sources":[],"jetpack_post_was_ever_published":false,"_jetpack_newsletter_access":"","_jetpack_dont_email_post_to_subs":false,"_jetpack_newsletter_tier_id":0,"_jetpack_memberships_contains_paywalled_content":false,"_jetpack_memberships_contains_paid_content":false,"footnotes":"","jetpack_publicize_message":"","jetpack_publicize_feature_enabled":true,"jetpack_social_post_already_shared":false,"jetpack_social_options":{"image_generator_settings":{"template":"highway","default_image_id":0,"font":"","enabled":false},"version":2}},"categories":[2,256,6,8],"tags":[17,19,18],"class_list":["post-27","post","type-post","status-publish","format-standard","hentry","category-accueil","category-astek","category-irp","category-presse","tag-astek-rhone-alpes","tag-chasse-aux-sorcieres","tag-rassemblement"],"jetpack_publicize_connections":[],"jetpack_featured_media_url":"","jetpack_sharing_enabled":true,"jetpack_shortlink":"https:\/\/wp.me\/p77E1E-r","jetpack-related-posts":[],"_links":{"self":[{"href":"https:\/\/foastek.fr\/index.php?rest_route=\/wp\/v2\/posts\/27","targetHints":{"allow":["GET"]}}],"collection":[{"href":"https:\/\/foastek.fr\/index.php?rest_route=\/wp\/v2\/posts"}],"about":[{"href":"https:\/\/foastek.fr\/index.php?rest_route=\/wp\/v2\/types\/post"}],"author":[{"embeddable":true,"href":"https:\/\/foastek.fr\/index.php?rest_route=\/wp\/v2\/users\/1"}],"replies":[{"embeddable":true,"href":"https:\/\/foastek.fr\/index.php?rest_route=%2Fwp%2Fv2%2Fcomments&post=27"}],"version-history":[{"count":1,"href":"https:\/\/foastek.fr\/index.php?rest_route=\/wp\/v2\/posts\/27\/revisions"}],"predecessor-version":[{"id":29,"href":"https:\/\/foastek.fr\/index.php?rest_route=\/wp\/v2\/posts\/27\/revisions\/29"}],"wp:attachment":[{"href":"https:\/\/foastek.fr\/index.php?rest_route=%2Fwp%2Fv2%2Fmedia&parent=27"}],"wp:term":[{"taxonomy":"category","embeddable":true,"href":"https:\/\/foastek.fr\/index.php?rest_route=%2Fwp%2Fv2%2Fcategories&post=27"},{"taxonomy":"post_tag","embeddable":true,"href":"https:\/\/foastek.fr\/index.php?rest_route=%2Fwp%2Fv2%2Ftags&post=27"}],"curies":[{"name":"wp","href":"https:\/\/api.w.org\/{rel}","templated":true}]}}