{"id":272,"date":"2015-06-19T09:00:36","date_gmt":"2015-06-19T08:00:36","guid":{"rendered":"http:\/\/foastek.fr\/?p=272"},"modified":"2023-04-15T20:31:49","modified_gmt":"2023-04-15T19:31:49","slug":"revendications-salaires-jours-enfants-retours-de-la-direction","status":"publish","type":"post","link":"https:\/\/foastek.fr\/?p=272","title":{"rendered":"Revendications \u00ab\u00a0Salaires, jours enfants\u00a0\u00bb : retours de la Direction"},"content":{"rendered":"<p>Ce vendredi, une nouvelle r\u00e9union de n\u00e9gociations s&rsquo;est tenue avec les OS (CFDT, CFTC, FO et SI).<\/p>\n<p>Concernant les salaires, les retours de la Direction sur les revendications de FO sont :<\/p>\n<ul>\n<li><span style=\"color: #ff0000;\">une augmentation g\u00e9n\u00e9rale des salaires : enveloppe de 1,25% MS (la r\u00e9partition privil\u00e9giera les bas salaires, et les salari\u00e9s non-augment\u00e9es depuis 3 ans)<\/span> <span style=\"color: #008000;\"><strong>=&gt; refus de la Direction, une enveloppe de 0,8% est propos\u00e9e mais seulement au m\u00e9rite<br \/>\n<\/strong><\/span><\/li>\n<li><span style=\"color: #ff0000;\">une r\u00e9duction des \u00e9carts entre les femmes et les hommes : enveloppe d\u00e9di\u00e9e de 0,25% de la MS<\/span> <span style=\"color: #008000;\"><strong>=&gt; enveloppe devrait \u00eatre pr\u00e9vue pour cela mais pas de cette ampleur<\/strong><\/span><\/li>\n<li><span style=\"color: #ff0000;\">une augmentation \u00e0 la performance : d\u00e9finition de crit\u00e8res objectifs et mesurables <span style=\"color: #008000;\"><strong>=&gt; cela devrait \u00eatre fait mais les crit\u00e8res restent \u00e0 d\u00e9finir<\/strong><\/span><br \/>\n<\/span><\/li>\n<li><span style=\"color: #ff0000;\">une information motiv\u00e9e syst\u00e9matique du salari\u00e9 sur les d\u00e9cisions prises lors du comit\u00e9 de carri\u00e8re le concernant (formation, promotion, salaire \u2026) <span style=\"color: #008000;\"><strong>=&gt;<\/strong><\/span><\/span><span style=\"color: #008000;\"><strong> cela devrait \u00eatre fait \u00e0 l&rsquo;issue du comit\u00e9 de carri\u00e8re.<\/strong><\/span><\/li>\n<\/ul>\n<p><strong>Les quelques avanc\u00e9es de la Direction restent pour l&rsquo;instant (et comme toujours) des propositions\/promesses impr\u00e9cises.<\/strong><\/p>\n<p>Concernant les jours enfants malades r\u00e9mun\u00e9r\u00e9s, les retours de la Direction sur les revendications de FO sont :<\/p>\n<ul>\n<li><span style=\"color: #ff0000;\">2 jours\/an\/enfant (de moins de 16 ans) r\u00e9mun\u00e9r\u00e9s<br \/>\n<\/span><\/li>\n<li><span style=\"color: #ff0000;\">la prise possible par demi-journ\u00e9e<\/span><\/li>\n<\/ul>\n<p><span style=\"color: #008000;\"><strong>=&gt; refus de la Direction.<\/strong><\/span><\/p>\n","protected":false},"excerpt":{"rendered":"<div class=\"mh-excerpt\"><p>Ce vendredi, une nouvelle r\u00e9union de n\u00e9gociations s&rsquo;est tenue avec les OS (CFDT, CFTC, FO et SI). Concernant les salaires, les retours de la Direction <a class=\"mh-excerpt-more\" href=\"https:\/\/foastek.fr\/?p=272\" title=\"Revendications \u00ab\u00a0Salaires, jours enfants\u00a0\u00bb : retours de la Direction\">[&#8230;]<\/a><\/p>\n<\/div>","protected":false},"author":1,"featured_media":0,"comment_status":"open","ping_status":"open","sticky":false,"template":"","format":"standard","meta":{"h5ap_radio_sources":[],"jetpack_post_was_ever_published":false,"_jetpack_newsletter_access":"","_jetpack_dont_email_post_to_subs":false,"_jetpack_newsletter_tier_id":0,"_jetpack_memberships_contains_paywalled_content":false,"_jetpack_memberships_contains_paid_content":false,"footnotes":"","jetpack_publicize_message":"","jetpack_publicize_feature_enabled":true,"jetpack_social_post_already_shared":true,"jetpack_social_options":{"image_generator_settings":{"template":"highway","default_image_id":0,"font":"","enabled":false},"version":2}},"categories":[2,256,7],"tags":[90,61],"class_list":["post-272","post","type-post","status-publish","format-standard","hentry","category-accueil","category-astek","category-negociations","tag-jours-enfant-malade","tag-salaire"],"jetpack_publicize_connections":[],"jetpack_featured_media_url":"","jetpack_sharing_enabled":true,"jetpack_shortlink":"https:\/\/wp.me\/p77E1E-4o","jetpack-related-posts":[],"_links":{"self":[{"href":"https:\/\/foastek.fr\/index.php?rest_route=\/wp\/v2\/posts\/272","targetHints":{"allow":["GET"]}}],"collection":[{"href":"https:\/\/foastek.fr\/index.php?rest_route=\/wp\/v2\/posts"}],"about":[{"href":"https:\/\/foastek.fr\/index.php?rest_route=\/wp\/v2\/types\/post"}],"author":[{"embeddable":true,"href":"https:\/\/foastek.fr\/index.php?rest_route=\/wp\/v2\/users\/1"}],"replies":[{"embeddable":true,"href":"https:\/\/foastek.fr\/index.php?rest_route=%2Fwp%2Fv2%2Fcomments&post=272"}],"version-history":[{"count":1,"href":"https:\/\/foastek.fr\/index.php?rest_route=\/wp\/v2\/posts\/272\/revisions"}],"predecessor-version":[{"id":273,"href":"https:\/\/foastek.fr\/index.php?rest_route=\/wp\/v2\/posts\/272\/revisions\/273"}],"wp:attachment":[{"href":"https:\/\/foastek.fr\/index.php?rest_route=%2Fwp%2Fv2%2Fmedia&parent=272"}],"wp:term":[{"taxonomy":"category","embeddable":true,"href":"https:\/\/foastek.fr\/index.php?rest_route=%2Fwp%2Fv2%2Fcategories&post=272"},{"taxonomy":"post_tag","embeddable":true,"href":"https:\/\/foastek.fr\/index.php?rest_route=%2Fwp%2Fv2%2Ftags&post=272"}],"curies":[{"name":"wp","href":"https:\/\/api.w.org\/{rel}","templated":true}]}}