{"id":294,"date":"2015-04-23T07:00:17","date_gmt":"2015-04-23T06:00:17","guid":{"rendered":"http:\/\/foastek.fr\/?p=294"},"modified":"2016-02-16T11:52:02","modified_gmt":"2016-02-16T10:52:02","slug":"projet-de-loi-sur-le-renseignement","status":"publish","type":"post","link":"https:\/\/foastek.fr\/?p=294","title":{"rendered":"Projet de loi sur le renseignement"},"content":{"rendered":"<p>Le projet de loi relatif au renseignement est en cours de discussion. Si ce projet a le m\u00e9rite d\u2019\u00e9tablir un cadre juridique, pour offrir aux services de renseignement l<a href=\"https:\/\/i0.wp.com\/www.fo-cadres.fr\/content\/uploads\/2015\/04\/divers-11.jpg\"><img data-recalc-dims=\"1\" loading=\"lazy\" decoding=\"async\" class=\"alignleft wp-image-10573\" src=\"https:\/\/i0.wp.com\/www.fo-cadres.fr\/content\/uploads\/2015\/04\/divers-11-150x100.jpg?resize=176%2C117\" alt=\"Loi sur le renseignement\" width=\"176\" height=\"117\" \/><\/a>\u2019usage de moyens d\u00e9j\u00e0 autoris\u00e9s par la police judiciaire dans sa lutte contre le terrorisme, ses dispositions permettront \u00e9galement la mise en \u0153uvre de nouvelles mesures de surveillance massives, indiff\u00e9renci\u00e9es et intrusives. <span id=\"more-10571\"><\/span>Des sondes pourront ainsi recueillir \u00ab la totalit\u00e9 des informations et documents \u00bb trait\u00e9s par des op\u00e9rateurs et relatifs \u00e0 une ou des personnes pr\u00e9sentant une menace ; des dispositifs dits IMSI Catcher (p\u00eache au chalut) qui consistent \u00e0 placer une fausse antenne relais \u00e0 proximit\u00e9 de la personne suspect\u00e9e et d\u2019aspirer ainsi tous les \u00e9changes \u00e9lectroniques dans la zone couverte par l\u2019antenne. Ces techniques portent gravement atteinte aux libert\u00e9s individuelles.<\/p>\n<p>Or les motifs autorisant ces nouvelles techniques de renseignement vont bien au-del\u00e0 de la lutte contre le terrorisme. Ces techniques pourront \u00eatre mises en \u0153uvre pour servir les int\u00e9r\u00eats de la politique \u00e9trang\u00e8re, de la d\u00e9fense nationale mais \u00e9galement les int\u00e9r\u00eats \u00e9conomiques ou scientifiques, pour pr\u00e9venir le crime organis\u00e9, les violences collectives pouvant porter gravement atteinte \u00e0 la paix publique. Un large spectre qui n\u2019est pas sans danger. Pourrait-on demain installer des antennes espionnes lors de manifestations de salari\u00e9s, de gr\u00e8ve, de mobilisation dans les entreprises sous pr\u00e9texte qu\u2019elles sont une menace pour les int\u00e9r\u00eats \u00e9conomiques majeurs d\u2019un groupe, ou susceptibles de d\u00e9boucher sur des violences collectives ? Quant aux m\u00e9decins, avocats, magistrats, journalistes, quelles seront les mesures particuli\u00e8res dont ils pourront b\u00e9n\u00e9ficier dans l\u2019exercice de leurs m\u00e9tiers ? Aucune n\u2019est \u00e0 ce jour pr\u00e9vue.<\/p>\n<p><strong>Pour FO-Cadres, sans limitation du recueil massif des donn\u00e9es, sans un r\u00e9el pouvoir de contr\u00f4le d\u00e9mocratique de ces dispositifs, sans une d\u00e9finition plus stricte de son champ d\u2019application, ce texte risque de porter gravement atteinte \u00e0 nos libert\u00e9s fondamentales, au socle de nos valeurs r\u00e9publicaines.<\/strong><\/p>\n","protected":false},"excerpt":{"rendered":"<div class=\"mh-excerpt\"><p>Le projet de loi relatif au renseignement est en cours de discussion. Si ce projet a le m\u00e9rite d\u2019\u00e9tablir un cadre juridique, pour offrir aux <a class=\"mh-excerpt-more\" href=\"https:\/\/foastek.fr\/?p=294\" title=\"Projet de loi sur le renseignement\">[&#8230;]<\/a><\/p>\n<\/div>","protected":false},"author":1,"featured_media":0,"comment_status":"open","ping_status":"open","sticky":false,"template":"","format":"standard","meta":{"h5ap_radio_sources":[],"jetpack_post_was_ever_published":false,"_jetpack_newsletter_access":"","_jetpack_dont_email_post_to_subs":false,"_jetpack_newsletter_tier_id":0,"_jetpack_memberships_contains_paywalled_content":false,"_jetpack_memberships_contains_paid_content":false,"footnotes":"","jetpack_publicize_message":"","jetpack_publicize_feature_enabled":true,"jetpack_social_post_already_shared":true,"jetpack_social_options":{"image_generator_settings":{"template":"highway","default_image_id":0,"font":"","enabled":false},"version":2}},"categories":[2,10],"tags":[67],"class_list":["post-294","post","type-post","status-publish","format-standard","hentry","category-accueil","category-vos-droits","tag-vie-privee"],"jetpack_publicize_connections":[],"jetpack_featured_media_url":"","jetpack_sharing_enabled":true,"jetpack_shortlink":"https:\/\/wp.me\/p77E1E-4K","jetpack-related-posts":[],"_links":{"self":[{"href":"https:\/\/foastek.fr\/index.php?rest_route=\/wp\/v2\/posts\/294","targetHints":{"allow":["GET"]}}],"collection":[{"href":"https:\/\/foastek.fr\/index.php?rest_route=\/wp\/v2\/posts"}],"about":[{"href":"https:\/\/foastek.fr\/index.php?rest_route=\/wp\/v2\/types\/post"}],"author":[{"embeddable":true,"href":"https:\/\/foastek.fr\/index.php?rest_route=\/wp\/v2\/users\/1"}],"replies":[{"embeddable":true,"href":"https:\/\/foastek.fr\/index.php?rest_route=%2Fwp%2Fv2%2Fcomments&post=294"}],"version-history":[{"count":1,"href":"https:\/\/foastek.fr\/index.php?rest_route=\/wp\/v2\/posts\/294\/revisions"}],"predecessor-version":[{"id":295,"href":"https:\/\/foastek.fr\/index.php?rest_route=\/wp\/v2\/posts\/294\/revisions\/295"}],"wp:attachment":[{"href":"https:\/\/foastek.fr\/index.php?rest_route=%2Fwp%2Fv2%2Fmedia&parent=294"}],"wp:term":[{"taxonomy":"category","embeddable":true,"href":"https:\/\/foastek.fr\/index.php?rest_route=%2Fwp%2Fv2%2Fcategories&post=294"},{"taxonomy":"post_tag","embeddable":true,"href":"https:\/\/foastek.fr\/index.php?rest_route=%2Fwp%2Fv2%2Ftags&post=294"}],"curies":[{"name":"wp","href":"https:\/\/api.w.org\/{rel}","templated":true}]}}