{"id":30,"date":"2015-09-15T12:47:56","date_gmt":"2015-09-15T11:47:56","guid":{"rendered":"http:\/\/foastek.fr\/?p=30"},"modified":"2023-04-15T20:28:24","modified_gmt":"2023-04-15T19:28:24","slug":"la-presse-epingle-le-groupe-astek-et-astek-sud-est","status":"publish","type":"post","link":"https:\/\/foastek.fr\/?p=30","title":{"rendered":"La presse \u00e9pingle le groupe Astek et Astek Sud-Est"},"content":{"rendered":"<p><strong>L&rsquo;Humanit\u00e9<\/strong> publie des articles sur le groupe Astek, Astek Sud-Est<\/p>\n<ul>\n<li><em>15 Septembre 2015 &#8211;<\/em> \u00ab\u00a0Comment Astek a jet\u00e9 200 de ses informaticiens \u00e0 la corbeille\u00a0\u00bb<\/li>\n<\/ul>\n<p>Lien : http:\/\/www.humanite.fr\/revelations-comment-astek-jete-200-de-ses-informaticiens-la-corbeille-583837<\/p>\n<ul>\n<li><em>15 Septembre 2015 &#8211;<\/em> \u00ab\u00a0Astek Les actionnaires octroient une prime au licencieur\u00a0\u00bb<\/li>\n<\/ul>\n<p>Lien : http:\/\/www.humanite.fr\/astek-les-actionnaires-octroient-une-prime-au-licencieur-583818<\/p>\n<ul>\n<li><em>16 Septembre 2015 &#8211;<\/em> \u00ab\u00a0Astek : des r\u00e9v\u00e9lations qui ont fait l\u2019effet d\u2019une d\u00e9flagration\u00a0\u00bb<\/li>\n<\/ul>\n<p>Lien : http:\/\/www.humanite.fr\/astek-des-revelations-qui-ont-fait-leffet-dune-deflagration-584126<\/p>\n<p><strong>Politis<\/strong> publie un article sur Astek Sud-Est<\/p>\n<ul>\n<li><em>15 Septembre 2015 &#8211;<\/em> \u00ab\u00a0Vir\u00e9s sur un mode industriel\u00a0\u00bb<\/li>\n<\/ul>\n<p>Lien : http:\/\/www.politis.fr\/Vires-sur-un-mode-industriel,32360.html<\/p>\n<p><strong>Mediapart<\/strong> relaie l&rsquo;article publi\u00e9 par L&rsquo;Humanit\u00e9<\/p>\n<p>Lien : http:\/\/blogs.mediapart.fr\/blog\/arlequin56\/150915\/revelations-comment-astek-jete-200-de-ses-informaticiens-la-corbeille<\/p>\n<p><strong>Channelnews<\/strong> publie un article sur le groupe Astek<\/p>\n<ul>\n<li><em>18 Septembre 2015<\/em> &#8211; \u00ab\u00a0Astek victime d\u2019une fuite de documents \u00e0 charge sur des licenciements pr\u00e9sum\u00e9s abusifs\u00a0\u00bb<\/li>\n<\/ul>\n<p>Lien : http:\/\/www.channelnews.fr\/astek-victime-dune-fuite-de-documents-a-charge-sur-des-licenciements-presumes-abusifs-55968<\/p>\n<p><strong>Silicon.fr<\/strong> publie un article sur le groupe Astek<\/p>\n<ul>\n<li><em>21 Septembre 2015<\/em> &#8211; \u00ab\u00a0Astek : une fuite de documents agite la SSII\u00a0\u00bb<\/li>\n<\/ul>\n<p>Lien : http:\/\/www.silicon.fr\/ssii-astek-fuite-documents-licenciements-droit-travail-127042.html<\/p>\n","protected":false},"excerpt":{"rendered":"<div class=\"mh-excerpt\"><p>L&rsquo;Humanit\u00e9 publie des articles sur le groupe Astek, Astek Sud-Est 15 Septembre 2015 &#8211; \u00ab\u00a0Comment Astek a jet\u00e9 200 de ses informaticiens \u00e0 la corbeille\u00a0\u00bb <a class=\"mh-excerpt-more\" href=\"https:\/\/foastek.fr\/?p=30\" title=\"La presse \u00e9pingle le groupe Astek et Astek Sud-Est\">[&#8230;]<\/a><\/p>\n<\/div>","protected":false},"author":1,"featured_media":0,"comment_status":"open","ping_status":"open","sticky":false,"template":"","format":"standard","meta":{"h5ap_radio_sources":[],"jetpack_post_was_ever_published":false,"_jetpack_newsletter_access":"","_jetpack_dont_email_post_to_subs":false,"_jetpack_newsletter_tier_id":0,"_jetpack_memberships_contains_paywalled_content":false,"_jetpack_memberships_contains_paid_content":false,"footnotes":"","jetpack_publicize_message":"","jetpack_publicize_feature_enabled":true,"jetpack_social_post_already_shared":false,"jetpack_social_options":{"image_generator_settings":{"template":"highway","default_image_id":0,"font":"","enabled":false},"version":2}},"categories":[2,8,10],"tags":[20,21,22,23],"class_list":["post-30","post","type-post","status-publish","format-standard","hentry","category-accueil","category-presse","category-vos-droits","tag-astek","tag-astek-sud-est","tag-licenciement","tag-pse"],"jetpack_publicize_connections":[],"jetpack_featured_media_url":"","jetpack_sharing_enabled":true,"jetpack_shortlink":"https:\/\/wp.me\/p77E1E-u","jetpack-related-posts":[],"_links":{"self":[{"href":"https:\/\/foastek.fr\/index.php?rest_route=\/wp\/v2\/posts\/30","targetHints":{"allow":["GET"]}}],"collection":[{"href":"https:\/\/foastek.fr\/index.php?rest_route=\/wp\/v2\/posts"}],"about":[{"href":"https:\/\/foastek.fr\/index.php?rest_route=\/wp\/v2\/types\/post"}],"author":[{"embeddable":true,"href":"https:\/\/foastek.fr\/index.php?rest_route=\/wp\/v2\/users\/1"}],"replies":[{"embeddable":true,"href":"https:\/\/foastek.fr\/index.php?rest_route=%2Fwp%2Fv2%2Fcomments&post=30"}],"version-history":[{"count":1,"href":"https:\/\/foastek.fr\/index.php?rest_route=\/wp\/v2\/posts\/30\/revisions"}],"predecessor-version":[{"id":31,"href":"https:\/\/foastek.fr\/index.php?rest_route=\/wp\/v2\/posts\/30\/revisions\/31"}],"wp:attachment":[{"href":"https:\/\/foastek.fr\/index.php?rest_route=%2Fwp%2Fv2%2Fmedia&parent=30"}],"wp:term":[{"taxonomy":"category","embeddable":true,"href":"https:\/\/foastek.fr\/index.php?rest_route=%2Fwp%2Fv2%2Fcategories&post=30"},{"taxonomy":"post_tag","embeddable":true,"href":"https:\/\/foastek.fr\/index.php?rest_route=%2Fwp%2Fv2%2Ftags&post=30"}],"curies":[{"name":"wp","href":"https:\/\/api.w.org\/{rel}","templated":true}]}}