{"id":3011,"date":"2021-01-15T09:19:00","date_gmt":"2021-01-15T08:19:00","guid":{"rendered":"http:\/\/foastek.fr\/?p=3011"},"modified":"2023-04-15T18:30:21","modified_gmt":"2023-04-15T17:30:21","slug":"astek-priorites-de-negociation-t1-2020","status":"publish","type":"post","link":"https:\/\/foastek.fr\/?p=3011","title":{"rendered":"Priorit\u00e9s de n\u00e9gociation FO du 1er trimestre 2021"},"content":{"rendered":"\n<p>Lors de la r\u00e9union de n\u00e9gociation qui s&rsquo;est tenue hier, <strong><em><span class=\"has-inline-color has-vivid-red-color\">FO<\/span><\/em><\/strong> a pr\u00e9sent\u00e9 ses priorit\u00e9s de n\u00e9gociation :<\/p>\n\n\n\n<ul class=\"wp-block-list\"><li>NAO R\u00e9mun\u00e9rations<\/li><li>Loi d&rsquo;orientation des mobilit\u00e9s<\/li><li>Int\u00e9gration des soci\u00e9t\u00e9s Intitek (Intitek SA, Intitek For Industry, Intitek For People), groupe INEAT, DreamITByAstek, Astek International dans l\u2019UES (groupe) astek<\/li><li>Avenant \u00e0 l&rsquo;accord T\u00e9l\u00e9travail<\/li><li>Comit\u00e9 Social et Economique<\/li><li>Egalit\u00e9 professionnelle<\/li><li>Avenant \u00e0 l&rsquo;accord Participation<\/li><li>Droit syndical<\/li><li>Temps de travail<\/li><\/ul>\n\n\n\n<p>Pour <strong><em><span class=\"has-inline-color has-vivid-red-color\">FO<\/span><\/em><\/strong>, les cinq premiers sujets sont prioritaires, notamment la NAO r\u00e9mun\u00e9ration.<\/p>\n\n\n\n<p>En ce qui concerne la n\u00e9gociation Handicap d\u00e9j\u00e0 engag\u00e9e, le sujet \u00e9tant port\u00e9 initialement par la direction et \u00e9tant tributaire d&rsquo;\u00e9l\u00e9ments ext\u00e9rieurs (enqu\u00eate, compte-rendu \u00e0 pr\u00e9senter), <strong><em><span class=\"has-inline-color has-vivid-red-color\">FO<\/span><\/em><\/strong> n&rsquo;a pas exprim\u00e9 de positionnement particulier bien que nous consid\u00e9rons qu&rsquo;il est tr\u00e8s important d&rsquo;aboutir \u00e0 un accord ambitieux sur le sujet.<\/p>\n","protected":false},"excerpt":{"rendered":"<div class=\"mh-excerpt\"><p>Lors de la r\u00e9union de n\u00e9gociation qui s&rsquo;est tenue hier, FO a pr\u00e9sent\u00e9 ses priorit\u00e9s de n\u00e9gociation : NAO R\u00e9mun\u00e9rations Loi d&rsquo;orientation des mobilit\u00e9s Int\u00e9gration <a class=\"mh-excerpt-more\" href=\"https:\/\/foastek.fr\/?p=3011\" title=\"Priorit\u00e9s de n\u00e9gociation FO du 1er trimestre 2021\">[&#8230;]<\/a><\/p>\n<\/div>","protected":false},"author":1,"featured_media":0,"comment_status":"open","ping_status":"open","sticky":false,"template":"","format":"standard","meta":{"h5ap_radio_sources":[],"jetpack_post_was_ever_published":false,"_jetpack_newsletter_access":"","_jetpack_dont_email_post_to_subs":false,"_jetpack_newsletter_tier_id":0,"_jetpack_memberships_contains_paywalled_content":false,"_jetpack_memberships_contains_paid_content":false,"footnotes":"","jetpack_publicize_message":"","jetpack_publicize_feature_enabled":true,"jetpack_social_post_already_shared":true,"jetpack_social_options":{"image_generator_settings":{"template":"highway","default_image_id":0,"font":"","enabled":false},"version":2}},"categories":[2,256],"tags":[72],"class_list":["post-3011","post","type-post","status-publish","format-standard","hentry","category-accueil","category-astek","tag-negociations"],"jetpack_publicize_connections":[],"jetpack_featured_media_url":"","jetpack_sharing_enabled":true,"jetpack_shortlink":"https:\/\/wp.me\/p77E1E-Mz","jetpack-related-posts":[],"_links":{"self":[{"href":"https:\/\/foastek.fr\/index.php?rest_route=\/wp\/v2\/posts\/3011","targetHints":{"allow":["GET"]}}],"collection":[{"href":"https:\/\/foastek.fr\/index.php?rest_route=\/wp\/v2\/posts"}],"about":[{"href":"https:\/\/foastek.fr\/index.php?rest_route=\/wp\/v2\/types\/post"}],"author":[{"embeddable":true,"href":"https:\/\/foastek.fr\/index.php?rest_route=\/wp\/v2\/users\/1"}],"replies":[{"embeddable":true,"href":"https:\/\/foastek.fr\/index.php?rest_route=%2Fwp%2Fv2%2Fcomments&post=3011"}],"version-history":[{"count":4,"href":"https:\/\/foastek.fr\/index.php?rest_route=\/wp\/v2\/posts\/3011\/revisions"}],"predecessor-version":[{"id":4124,"href":"https:\/\/foastek.fr\/index.php?rest_route=\/wp\/v2\/posts\/3011\/revisions\/4124"}],"wp:attachment":[{"href":"https:\/\/foastek.fr\/index.php?rest_route=%2Fwp%2Fv2%2Fmedia&parent=3011"}],"wp:term":[{"taxonomy":"category","embeddable":true,"href":"https:\/\/foastek.fr\/index.php?rest_route=%2Fwp%2Fv2%2Fcategories&post=3011"},{"taxonomy":"post_tag","embeddable":true,"href":"https:\/\/foastek.fr\/index.php?rest_route=%2Fwp%2Fv2%2Ftags&post=3011"}],"curies":[{"name":"wp","href":"https:\/\/api.w.org\/{rel}","templated":true}]}}