{"id":304,"date":"2015-04-03T11:59:22","date_gmt":"2015-04-03T10:59:22","guid":{"rendered":"http:\/\/foastek.fr\/?p=304"},"modified":"2023-04-15T20:27:15","modified_gmt":"2023-04-15T19:27:15","slug":"demande-douverture-de-negociations-jours-enfant-malade-teletravail","status":"publish","type":"post","link":"https:\/\/foastek.fr\/?p=304","title":{"rendered":"Demande d&rsquo;ouverture de n\u00e9gociations : jours enfant malade, t\u00e9l\u00e9travail"},"content":{"rendered":"<p>Le 3 avril 2015, FO Astek a demand\u00e9 l&rsquo;ouverture de n\u00e9gociations sur les th\u00e8mes \u00ab\u00a0jours de cong\u00e9s pour enfant malade\u00a0\u00bb et \u00ab\u00a0t\u00e9l\u00e9travail\u00a0\u00bb \u00e0 la Direction.03<\/p>\n","protected":false},"excerpt":{"rendered":"<div class=\"mh-excerpt\"><p>Le 3 avril 2015, FO Astek a demand\u00e9 l&rsquo;ouverture de n\u00e9gociations sur les th\u00e8mes \u00ab\u00a0jours de cong\u00e9s pour enfant malade\u00a0\u00bb et \u00ab\u00a0t\u00e9l\u00e9travail\u00a0\u00bb \u00e0 la Direction.03<\/p>\n<\/div>","protected":false},"author":1,"featured_media":0,"comment_status":"open","ping_status":"open","sticky":false,"template":"","format":"standard","meta":{"h5ap_radio_sources":[],"jetpack_post_was_ever_published":false,"_jetpack_newsletter_access":"","_jetpack_dont_email_post_to_subs":false,"_jetpack_newsletter_tier_id":0,"_jetpack_memberships_contains_paywalled_content":false,"_jetpack_memberships_contains_paid_content":false,"footnotes":"","jetpack_publicize_message":"","jetpack_publicize_feature_enabled":true,"jetpack_social_post_already_shared":true,"jetpack_social_options":{"image_generator_settings":{"template":"highway","default_image_id":0,"font":"","enabled":false},"version":2}},"categories":[2,256,7],"tags":[90,72,37],"class_list":["post-304","post","type-post","status-publish","format-standard","hentry","category-accueil","category-astek","category-negociations","tag-jours-enfant-malade","tag-negociations","tag-teletravail"],"jetpack_publicize_connections":[],"jetpack_featured_media_url":"","jetpack_sharing_enabled":true,"jetpack_shortlink":"https:\/\/wp.me\/p77E1E-4U","jetpack-related-posts":[],"_links":{"self":[{"href":"https:\/\/foastek.fr\/index.php?rest_route=\/wp\/v2\/posts\/304","targetHints":{"allow":["GET"]}}],"collection":[{"href":"https:\/\/foastek.fr\/index.php?rest_route=\/wp\/v2\/posts"}],"about":[{"href":"https:\/\/foastek.fr\/index.php?rest_route=\/wp\/v2\/types\/post"}],"author":[{"embeddable":true,"href":"https:\/\/foastek.fr\/index.php?rest_route=\/wp\/v2\/users\/1"}],"replies":[{"embeddable":true,"href":"https:\/\/foastek.fr\/index.php?rest_route=%2Fwp%2Fv2%2Fcomments&post=304"}],"version-history":[{"count":1,"href":"https:\/\/foastek.fr\/index.php?rest_route=\/wp\/v2\/posts\/304\/revisions"}],"predecessor-version":[{"id":305,"href":"https:\/\/foastek.fr\/index.php?rest_route=\/wp\/v2\/posts\/304\/revisions\/305"}],"wp:attachment":[{"href":"https:\/\/foastek.fr\/index.php?rest_route=%2Fwp%2Fv2%2Fmedia&parent=304"}],"wp:term":[{"taxonomy":"category","embeddable":true,"href":"https:\/\/foastek.fr\/index.php?rest_route=%2Fwp%2Fv2%2Fcategories&post=304"},{"taxonomy":"post_tag","embeddable":true,"href":"https:\/\/foastek.fr\/index.php?rest_route=%2Fwp%2Fv2%2Ftags&post=304"}],"curies":[{"name":"wp","href":"https:\/\/api.w.org\/{rel}","templated":true}]}}