{"id":306,"date":"2015-04-01T12:01:35","date_gmt":"2015-04-01T11:01:35","guid":{"rendered":"http:\/\/foastek.fr\/?p=306"},"modified":"2023-04-15T20:26:31","modified_gmt":"2023-04-15T19:26:31","slug":"journee-de-solidarite-et-nao-2015","status":"publish","type":"post","link":"https:\/\/foastek.fr\/?p=306","title":{"rendered":"Journ\u00e9e de solidarit\u00e9 et NAO 2015"},"content":{"rendered":"<p>Vendredi 3 avril 2015 s&rsquo;ouvre les n\u00e9gociations pour 2015.<\/p>\n<p>Au cours de la r\u00e9union, les deux sujets suivants seront abord\u00e9s : Journ\u00e9e de Solidarit\u00e9 et NAO.<\/p>\n<p><strong>Qu&rsquo;est-ce que les NAO ?<\/strong><br \/>\nTout employeur ayant dans son entreprise au moins un d\u00e9l\u00e9gu\u00e9 syndical doit engager, tous les 12 mois, une n\u00e9gociation annuelle obligatoire (NAO) sur une liste de th\u00e8mes fix\u00e9s par la loi :<br \/>\n&#8211; les salaires effectifs, la dur\u00e9e effective et l\u2019organisation du temps de travail, notamment la mise en place du travail \u00e0 temps partiel \u00e0 la demande des salari\u00e9s ;<br \/>\n&#8211; les mesures relatives \u00e0 l\u2019insertion professionnelle et au maintien dans l\u2019emploi des travailleurs handicap\u00e9s ;<br \/>\n&#8211; les objectifs en mati\u00e8re d\u2019\u00e9galit\u00e9 professionnelle entre les femmes et les hommes et les mesures permettant d\u2019atteindre ces objectifs ;<br \/>\n&#8211; les dispositifs d\u2019\u00e9pargne salariale, si les salari\u00e9s ne sont couverts par aucun accord ;<br \/>\n&#8211; les modalit\u00e9s d\u2019acc\u00e8s \u00e0 un r\u00e9gime de pr\u00e9voyance, si les salari\u00e9s ne sont couverts par aucun accord.<\/p>\n","protected":false},"excerpt":{"rendered":"<div class=\"mh-excerpt\"><p>Vendredi 3 avril 2015 s&rsquo;ouvre les n\u00e9gociations pour 2015. Au cours de la r\u00e9union, les deux sujets suivants seront abord\u00e9s : Journ\u00e9e de Solidarit\u00e9 et <a class=\"mh-excerpt-more\" href=\"https:\/\/foastek.fr\/?p=306\" title=\"Journ\u00e9e de solidarit\u00e9 et NAO 2015\">[&#8230;]<\/a><\/p>\n<\/div>","protected":false},"author":1,"featured_media":0,"comment_status":"open","ping_status":"open","sticky":false,"template":"","format":"standard","meta":{"h5ap_radio_sources":[],"jetpack_post_was_ever_published":false,"_jetpack_newsletter_access":"","_jetpack_dont_email_post_to_subs":false,"_jetpack_newsletter_tier_id":0,"_jetpack_memberships_contains_paywalled_content":false,"_jetpack_memberships_contains_paid_content":false,"footnotes":"","jetpack_publicize_message":"","jetpack_publicize_feature_enabled":true,"jetpack_social_post_already_shared":true,"jetpack_social_options":{"image_generator_settings":{"template":"highway","default_image_id":0,"font":"","enabled":false},"version":2}},"categories":[2,256,7],"tags":[83,96,72],"class_list":["post-306","post","type-post","status-publish","format-standard","hentry","category-accueil","category-astek","category-negociations","tag-journee-de-solidarite","tag-nao","tag-negociations"],"jetpack_publicize_connections":[],"jetpack_featured_media_url":"","jetpack_sharing_enabled":true,"jetpack_shortlink":"https:\/\/wp.me\/p77E1E-4W","jetpack-related-posts":[],"_links":{"self":[{"href":"https:\/\/foastek.fr\/index.php?rest_route=\/wp\/v2\/posts\/306","targetHints":{"allow":["GET"]}}],"collection":[{"href":"https:\/\/foastek.fr\/index.php?rest_route=\/wp\/v2\/posts"}],"about":[{"href":"https:\/\/foastek.fr\/index.php?rest_route=\/wp\/v2\/types\/post"}],"author":[{"embeddable":true,"href":"https:\/\/foastek.fr\/index.php?rest_route=\/wp\/v2\/users\/1"}],"replies":[{"embeddable":true,"href":"https:\/\/foastek.fr\/index.php?rest_route=%2Fwp%2Fv2%2Fcomments&post=306"}],"version-history":[{"count":1,"href":"https:\/\/foastek.fr\/index.php?rest_route=\/wp\/v2\/posts\/306\/revisions"}],"predecessor-version":[{"id":307,"href":"https:\/\/foastek.fr\/index.php?rest_route=\/wp\/v2\/posts\/306\/revisions\/307"}],"wp:attachment":[{"href":"https:\/\/foastek.fr\/index.php?rest_route=%2Fwp%2Fv2%2Fmedia&parent=306"}],"wp:term":[{"taxonomy":"category","embeddable":true,"href":"https:\/\/foastek.fr\/index.php?rest_route=%2Fwp%2Fv2%2Fcategories&post=306"},{"taxonomy":"post_tag","embeddable":true,"href":"https:\/\/foastek.fr\/index.php?rest_route=%2Fwp%2Fv2%2Ftags&post=306"}],"curies":[{"name":"wp","href":"https:\/\/api.w.org\/{rel}","templated":true}]}}