{"id":308,"date":"2015-03-23T08:00:54","date_gmt":"2015-03-23T07:00:54","guid":{"rendered":"http:\/\/foastek.fr\/?p=308"},"modified":"2016-02-16T12:03:33","modified_gmt":"2016-02-16T11:03:33","slug":"espionnage-des-syndicalistes","status":"publish","type":"post","link":"https:\/\/foastek.fr\/?p=308","title":{"rendered":"Espionnage des syndicalistes"},"content":{"rendered":"<div id=\"ctl00_chCentre_PanResume\" class=\"ResumeRessource\">Hier en conseil des ministres, Manuel Valls a pr\u00e9sent\u00e9 les grandes lignes du projet de loi sur le renseignement. Ce texte, qui l\u00e9galise les proc\u00e9dures d&rsquo;\u00e9coute et de surveillance au nom de la lutte contre le terrorisme, menace les libert\u00e9s individuelles et syndicales, estime le syndicat des avocats de France (SAF). Interview de son pr\u00e9sident, Florian Borg.<\/div>\n<p><!--more--><\/p>\n<div id=\"ctl00_chCentre_PanDescription\" class=\"RessourceContenu\">\n<h3>Le projet de loi sur le renseignement pr\u00e9sent\u00e9 hier par Manuel Valls vise \u00e0 renforcer la lutte contre le terrorisme en l\u00e9galisant des m\u00e9thodes d&rsquo;\u00e9coute et de surveillance. Pourquoi consid\u00e9rez-vous que ce projet constitue une menace pour les libert\u00e9s individuelles et syndicales, notamment sur le droit de manifester ?<\/h3>\n<p>Parce que ce projet ne se limite pas seulement \u00e0 la lutte contre le terrorisme ! Le champ d&rsquo;application du projet g\u00e9n\u00e9ralise la pratique du renseignement au nom des \u00ab\u00a0int\u00e9r\u00eats \u00e9conomiques et scientifiques essentiels de la France\u00a0\u00bb ou encore de \u00ab\u00a0la pr\u00e9vention des violences collectives de nature \u00e0 porter gravement atteinte \u00e0 la paix publique\u00a0\u00bb. Nous ne voyons pas la l\u00e9gitimit\u00e9 de telles extensions : nous sommes ici dans une l\u00e9galisation de l&rsquo;espionnage. Je prends deux exemples. Une manifestation syndicale sur la voie publique peut tr\u00e8s bien constituer un risque de violence collective. Va-t-on pour cela justifier l&rsquo;\u00e9coute des syndicalistes qui organisent la manifestation ? Mon deuxi\u00e8me exemple concerne la d\u00e9finition des int\u00e9r\u00eats \u00e9conomiques et scientifiques essentiels de la France. On peut tr\u00e8s bien consid\u00e9rer que le nucl\u00e9aire fait partie de ces int\u00e9r\u00eats mais les \u00e9cologistes ne partagent pas cette analyse : va-t-on autoriser pour autant l&rsquo;\u00e9coute des \u00e9cologistes au motif qu&rsquo;ils sont hostiles au nucl\u00e9aire ? Il faut retirer ces deux motivations, les violences collectives et les int\u00e9r\u00eats \u00e9conomiques et scientifiques, du projet de loi sur le renseignement. J&rsquo;observe d&rsquo;ailleurs que le futur rapporteur de la loi n&rsquo;est autre que Jean-Jacques Urvoas, le d\u00e9put\u00e9 \u00e0 l&rsquo;origine de la proposition de loi sur le secret des affaires qui aurait limit\u00e9 l&rsquo;action des repr\u00e9sentants du personnel.<\/p>\n<h3>Le recours aux mesures de surveillance devra respecter une proc\u00e9dure \u00e9crite et motiv\u00e9e, et sera soumis \u00e0 l&rsquo;approbation du gouvernement apr\u00e8s avis d&rsquo;une commission de contr\u00f4le des techniques de renseignement (CNCTR), promet le Premier ministre. Qu&rsquo;en pensez-vous ?<\/h3>\n<p>L&rsquo;approbation du gouvernement n&rsquo;est nullement une garantie pour les libert\u00e9s individuelles. Le gouvernement applique une politique donn\u00e9e mais le gouvernement est issu d&rsquo;une majorit\u00e9 parlementaire qui peut changer demain et utiliser autrement ces nouveaux outils de surveillance : il y a l\u00e0 en germe un vrai risque pour les libert\u00e9s publiques.<\/p>\n<h3>La commission nationale de contr\u00f4le des technique de renseignement (CNCTR), compos\u00e9e de magistrats, parlementaires, experts, devra contr\u00f4ler la surveillance ainsi que les moyens utilis\u00e9s. En outre, un citoyen s&rsquo;estimant injustement \u00e9cout\u00e9 pourra saisir le conseil d&rsquo;Etat. Cela ne vous para\u00eet pas suffisant ?<\/h3>\n<p>Non ! Il appartient au pouvoir judiciaire d&rsquo;\u00eatre le garant des libert\u00e9s publiques et au juge administratif de contr\u00f4ler l&rsquo;administration. Or cette commission comporterait, sur neuf membres, deux d\u00e9put\u00e9s, deux s\u00e9nateurs, deux conseillers d&rsquo;Etat, deux magistrats et une personnalit\u00e9 qualifi\u00e9e en mati\u00e8re de communications \u00e9lectroniques. Les magistrats ne sont donc m\u00eame pas majoritaires au sein de cette commission. Et l&rsquo;on sait combien les parlementaires ont, en France, du mal \u00e0 s&rsquo;extraire du poids de l&rsquo;Ex\u00e9cutif. Nous demandons que cette commission comporte davantage de membres, qu&rsquo;ils soient en majorit\u00e9 des juges administratifs ou judiciaires, et qu&rsquo;en soient pr\u00e9cis\u00e9s les moyens de fonctionnement.<\/p>\n<h3>Et concernant la saisine du Conseil d&rsquo;Etat par un citoyen pensant \u00eatre surveill\u00e9 \u00e0 tort ?<\/h3>\n<p>Tout d\u00e9pendra des conditions d&rsquo;application de cette saisine. Pour qu&rsquo;elle soit effective, il faudrait que les personnes ayant fait l&rsquo;objet d&rsquo;une \u00e9coute en soient post\u00e9rieurement inform\u00e9es afin qu&rsquo;elles puissent agir si elles estiment avoir fait l&rsquo;objet d&rsquo;une \u00e9coute sans fondement.<\/p>\n<h3>Craignez-vous que certains professionnels (journalistes, avocats, syndicalistes) ne soient pas prot\u00e9g\u00e9s contre la pose de micros et la surveillance informatique ?<\/h3>\n<p>La libert\u00e9 individuelle n&rsquo;est pas un enjeu pour ces seuls m\u00e9tiers : elle concerne l&rsquo;ensemble des citoyens. Mais il est vrai que les avocats, les journalistes et les syndicalistes s&rsquo;expriment publiquement et ont des responsabilit\u00e9s particuli\u00e8res \u00e0 l&rsquo;\u00e9gard de la soci\u00e9t\u00e9. Il faut donc les prot\u00e9ger. Aujourd&rsquo;hui, le b\u00e2tonnier doit \u00eatre averti lorsqu&rsquo;un avocat est mis sur \u00e9coute : il faut que cette r\u00e8gle perdure !<\/p>\n<h3>Les syndicats de salari\u00e9s partagent-ils vos inqui\u00e9tudes ?<\/h3>\n<p>Nous n&rsquo;avons pas encore \u00e9chang\u00e9 sur le sujet. Mais lors des d\u00e9bats sur le secret des affaires, nous \u00e9tions sur la m\u00eame ligne : cette disposition remettait en question l&rsquo;exercice de leur mandat par les repr\u00e9sentants du personnel. Encore une fois, la notion des int\u00e9r\u00eats \u00e9conomiques essentiels de la France pr\u00e9sente dans le projet de loi sur le renseignement ne pourrait-elle pas justifier l&rsquo;espionnage d&rsquo;un syndicaliste s&rsquo;exprimant contre le PSE d&rsquo;une entreprise jug\u00e9e strat\u00e9gique ?<\/p>\n<h3>Le contexte actuel, avec les attentats de Paris et de Tunis, semble de nature \u00e0 justifier le renforcement des moyens anti-terroristes. Comment faire entendre une autre approche ?<\/h3>\n<p>C&rsquo;est une vraie difficult\u00e9. Il va nous falloir expliquer que le projet de loi ne porte que tr\u00e8s partiellement sur le terrorisme, et que la pr\u00e9vention du terrorisme ne peut justifier un renseignement g\u00e9n\u00e9ralis\u00e9 \u00e0 l&rsquo;ensemble du champ social. Il s&rsquo;agit d&rsquo;une loi d&rsquo;espionnage. Mais nous ne sommes pas dans un film. La gravit\u00e9 de la situation impose des mesures rigoureuses et directement en rapport avec le terrorisme.<\/p>\n<\/div>\n<div class=\"RessourceContenu\"><\/div>\n<div class=\"RessourceContenu\">Source : Bernard Domergue (Elnet CE)<\/div>\n","protected":false},"excerpt":{"rendered":"<div class=\"mh-excerpt\"><p>Hier en conseil des ministres, Manuel Valls a pr\u00e9sent\u00e9 les grandes lignes du projet de loi sur le renseignement. Ce texte, qui l\u00e9galise les proc\u00e9dures <a class=\"mh-excerpt-more\" href=\"https:\/\/foastek.fr\/?p=308\" title=\"Espionnage des syndicalistes\">[&#8230;]<\/a><\/p>\n<\/div>","protected":false},"author":1,"featured_media":0,"comment_status":"open","ping_status":"open","sticky":false,"template":"","format":"standard","meta":{"h5ap_radio_sources":[],"jetpack_post_was_ever_published":false,"_jetpack_newsletter_access":"","_jetpack_dont_email_post_to_subs":false,"_jetpack_newsletter_tier_id":0,"_jetpack_memberships_contains_paywalled_content":false,"_jetpack_memberships_contains_paid_content":false,"footnotes":"","jetpack_publicize_message":"","jetpack_publicize_feature_enabled":true,"jetpack_social_post_already_shared":true,"jetpack_social_options":{"image_generator_settings":{"template":"highway","default_image_id":0,"font":"","enabled":false},"version":2}},"categories":[2,6],"tags":[92],"class_list":["post-308","post","type-post","status-publish","format-standard","hentry","category-accueil","category-irp","tag-irp"],"jetpack_publicize_connections":[],"jetpack_featured_media_url":"","jetpack_sharing_enabled":true,"jetpack_shortlink":"https:\/\/wp.me\/p77E1E-4Y","jetpack-related-posts":[],"_links":{"self":[{"href":"https:\/\/foastek.fr\/index.php?rest_route=\/wp\/v2\/posts\/308","targetHints":{"allow":["GET"]}}],"collection":[{"href":"https:\/\/foastek.fr\/index.php?rest_route=\/wp\/v2\/posts"}],"about":[{"href":"https:\/\/foastek.fr\/index.php?rest_route=\/wp\/v2\/types\/post"}],"author":[{"embeddable":true,"href":"https:\/\/foastek.fr\/index.php?rest_route=\/wp\/v2\/users\/1"}],"replies":[{"embeddable":true,"href":"https:\/\/foastek.fr\/index.php?rest_route=%2Fwp%2Fv2%2Fcomments&post=308"}],"version-history":[{"count":1,"href":"https:\/\/foastek.fr\/index.php?rest_route=\/wp\/v2\/posts\/308\/revisions"}],"predecessor-version":[{"id":309,"href":"https:\/\/foastek.fr\/index.php?rest_route=\/wp\/v2\/posts\/308\/revisions\/309"}],"wp:attachment":[{"href":"https:\/\/foastek.fr\/index.php?rest_route=%2Fwp%2Fv2%2Fmedia&parent=308"}],"wp:term":[{"taxonomy":"category","embeddable":true,"href":"https:\/\/foastek.fr\/index.php?rest_route=%2Fwp%2Fv2%2Fcategories&post=308"},{"taxonomy":"post_tag","embeddable":true,"href":"https:\/\/foastek.fr\/index.php?rest_route=%2Fwp%2Fv2%2Ftags&post=308"}],"curies":[{"name":"wp","href":"https:\/\/api.w.org\/{rel}","templated":true}]}}