{"id":310,"date":"2015-03-20T12:04:59","date_gmt":"2015-03-20T11:04:59","guid":{"rendered":"http:\/\/foastek.fr\/?p=310"},"modified":"2016-02-16T14:22:45","modified_gmt":"2016-02-16T13:22:45","slug":"greve-du-9-avril-2015-retraite-des-cadres-licenciements-collectifs","status":"publish","type":"post","link":"https:\/\/foastek.fr\/?p=310","title":{"rendered":"Gr\u00e8ve du 9 avril 2015 : Retraite des cadres, licenciements collectifs"},"content":{"rendered":"<p>Jamais le Medef n\u2019avait autant \u00e9t\u00e9 confort\u00e9 dans ses politiques lib\u00e9rales, qui ne visent qu\u2019\u00e0 augmenter les marges, les profits des entreprises pour le plus grand profit des actionnaires, au d\u00e9triment du travail salari\u00e9.<\/p>\n<p>Appel \u00e0 la gr\u00e8ve commun de la F\u00e9d\u00e9ration des Employ\u00e9s et des Cadres (FEC\/FO) et de la F\u00e9d\u00e9ration CGT des Soci\u00e9t\u00e9s d&rsquo;Etudes le 9 avril 2015.<\/p>\n<p>Pour en savoir plus, t\u00e9l\u00e9chargez le tract intitul\u00e9 <a href=\"http:\/\/foastek.fr\/wp-content\/uploads\/2016\/02\/appel-9-avril-cgt-fo.pdf\" rel=\"\">Appel 9 avril CGT-FO<\/a>\u00a0(pdf, 1 page, 429 Ko).<\/p>\n<p>Des manifestations seront organis\u00e9es partout en France.<\/p>\n","protected":false},"excerpt":{"rendered":"<div class=\"mh-excerpt\"><p>Jamais le Medef n\u2019avait autant \u00e9t\u00e9 confort\u00e9 dans ses politiques lib\u00e9rales, qui ne visent qu\u2019\u00e0 augmenter les marges, les profits des entreprises pour le plus <a class=\"mh-excerpt-more\" href=\"https:\/\/foastek.fr\/?p=310\" title=\"Gr\u00e8ve du 9 avril 2015 : Retraite des cadres, licenciements collectifs\">[&#8230;]<\/a><\/p>\n<\/div>","protected":false},"author":1,"featured_media":0,"comment_status":"open","ping_status":"open","sticky":false,"template":"","format":"standard","meta":{"h5ap_radio_sources":[],"jetpack_post_was_ever_published":false,"_jetpack_newsletter_access":"","_jetpack_dont_email_post_to_subs":false,"_jetpack_newsletter_tier_id":0,"_jetpack_memberships_contains_paywalled_content":false,"_jetpack_memberships_contains_paid_content":false,"footnotes":"","jetpack_publicize_message":"","jetpack_publicize_feature_enabled":true,"jetpack_social_post_already_shared":true,"jetpack_social_options":{"image_generator_settings":{"template":"highway","default_image_id":0,"font":"","enabled":false},"version":2}},"categories":[2,4,5],"tags":[50,78],"class_list":["post-310","post","type-post","status-publish","format-standard","hentry","category-accueil","category-communication","category-greve","tag-fo","tag-greve"],"jetpack_publicize_connections":[],"jetpack_featured_media_url":"","jetpack_sharing_enabled":true,"jetpack_shortlink":"https:\/\/wp.me\/p77E1E-50","jetpack-related-posts":[],"_links":{"self":[{"href":"https:\/\/foastek.fr\/index.php?rest_route=\/wp\/v2\/posts\/310","targetHints":{"allow":["GET"]}}],"collection":[{"href":"https:\/\/foastek.fr\/index.php?rest_route=\/wp\/v2\/posts"}],"about":[{"href":"https:\/\/foastek.fr\/index.php?rest_route=\/wp\/v2\/types\/post"}],"author":[{"embeddable":true,"href":"https:\/\/foastek.fr\/index.php?rest_route=\/wp\/v2\/users\/1"}],"replies":[{"embeddable":true,"href":"https:\/\/foastek.fr\/index.php?rest_route=%2Fwp%2Fv2%2Fcomments&post=310"}],"version-history":[{"count":1,"href":"https:\/\/foastek.fr\/index.php?rest_route=\/wp\/v2\/posts\/310\/revisions"}],"predecessor-version":[{"id":312,"href":"https:\/\/foastek.fr\/index.php?rest_route=\/wp\/v2\/posts\/310\/revisions\/312"}],"wp:attachment":[{"href":"https:\/\/foastek.fr\/index.php?rest_route=%2Fwp%2Fv2%2Fmedia&parent=310"}],"wp:term":[{"taxonomy":"category","embeddable":true,"href":"https:\/\/foastek.fr\/index.php?rest_route=%2Fwp%2Fv2%2Fcategories&post=310"},{"taxonomy":"post_tag","embeddable":true,"href":"https:\/\/foastek.fr\/index.php?rest_route=%2Fwp%2Fv2%2Ftags&post=310"}],"curies":[{"name":"wp","href":"https:\/\/api.w.org\/{rel}","templated":true}]}}