{"id":3106,"date":"2021-07-16T16:07:36","date_gmt":"2021-07-16T15:07:36","guid":{"rendered":"http:\/\/foastek.fr\/?p=3106"},"modified":"2023-04-15T21:30:06","modified_gmt":"2023-04-15T20:30:06","slug":"vos-droits-delai-de-contestation-de-lavis-dinaptitude","status":"publish","type":"post","link":"https:\/\/foastek.fr\/?p=3106","title":{"rendered":"D\u00e9lai de contestation de l\u2019avis d\u2019inaptitude"},"content":{"rendered":"\n<p>Dans le cadre de la contestation d\u2019un avis d\u2019aptitude\/inaptitude, la Cour de cassation consid\u00e8re que le point de d\u00e9part du d\u00e9lai de quinze jours pour la saisine du conseil de prud\u2019hommes court \u00e0 compter de la notification de l\u2019avis d\u2019inaptitude \u00e9mis par le m\u00e9decin du travail (Cass. soc., 2-6-21, n\u00b019-24061).<\/p>\n","protected":false},"excerpt":{"rendered":"<div class=\"mh-excerpt\"><p>Dans le cadre de la contestation d\u2019un avis d\u2019aptitude\/inaptitude, la Cour de cassation consid\u00e8re que le point de d\u00e9part du d\u00e9lai de quinze jours pour <a class=\"mh-excerpt-more\" href=\"https:\/\/foastek.fr\/?p=3106\" title=\"D\u00e9lai de contestation de l\u2019avis d\u2019inaptitude\">[&#8230;]<\/a><\/p>\n<\/div>","protected":false},"author":1,"featured_media":0,"comment_status":"open","ping_status":"open","sticky":false,"template":"","format":"standard","meta":{"h5ap_radio_sources":[],"jetpack_post_was_ever_published":false,"_jetpack_newsletter_access":"","_jetpack_dont_email_post_to_subs":false,"_jetpack_newsletter_tier_id":0,"_jetpack_memberships_contains_paywalled_content":false,"_jetpack_memberships_contains_paid_content":false,"footnotes":"","jetpack_publicize_message":"","jetpack_publicize_feature_enabled":true,"jetpack_social_post_already_shared":true,"jetpack_social_options":{"image_generator_settings":{"template":"highway","default_image_id":0,"font":"","enabled":false},"version":2}},"categories":[2,10],"tags":[243,54],"class_list":["post-3106","post","type-post","status-publish","format-standard","hentry","category-accueil","category-vos-droits","tag-inaptitude","tag-sante"],"jetpack_publicize_connections":[],"jetpack_featured_media_url":"","jetpack_sharing_enabled":true,"jetpack_shortlink":"https:\/\/wp.me\/p77E1E-O6","jetpack-related-posts":[],"_links":{"self":[{"href":"https:\/\/foastek.fr\/index.php?rest_route=\/wp\/v2\/posts\/3106","targetHints":{"allow":["GET"]}}],"collection":[{"href":"https:\/\/foastek.fr\/index.php?rest_route=\/wp\/v2\/posts"}],"about":[{"href":"https:\/\/foastek.fr\/index.php?rest_route=\/wp\/v2\/types\/post"}],"author":[{"embeddable":true,"href":"https:\/\/foastek.fr\/index.php?rest_route=\/wp\/v2\/users\/1"}],"replies":[{"embeddable":true,"href":"https:\/\/foastek.fr\/index.php?rest_route=%2Fwp%2Fv2%2Fcomments&post=3106"}],"version-history":[{"count":2,"href":"https:\/\/foastek.fr\/index.php?rest_route=\/wp\/v2\/posts\/3106\/revisions"}],"predecessor-version":[{"id":4260,"href":"https:\/\/foastek.fr\/index.php?rest_route=\/wp\/v2\/posts\/3106\/revisions\/4260"}],"wp:attachment":[{"href":"https:\/\/foastek.fr\/index.php?rest_route=%2Fwp%2Fv2%2Fmedia&parent=3106"}],"wp:term":[{"taxonomy":"category","embeddable":true,"href":"https:\/\/foastek.fr\/index.php?rest_route=%2Fwp%2Fv2%2Fcategories&post=3106"},{"taxonomy":"post_tag","embeddable":true,"href":"https:\/\/foastek.fr\/index.php?rest_route=%2Fwp%2Fv2%2Ftags&post=3106"}],"curies":[{"name":"wp","href":"https:\/\/api.w.org\/{rel}","templated":true}]}}