{"id":3142,"date":"2021-08-25T12:30:00","date_gmt":"2021-08-25T11:30:00","guid":{"rendered":"http:\/\/foastek.fr\/?p=3142"},"modified":"2023-04-15T21:34:28","modified_gmt":"2023-04-15T20:34:28","slug":"vos-droits-le-licenciement-dun-salarie-refusant-de-rendre-le-vehicule-de-fonction-constituant-un-avantage-en-nature-est-injustifie","status":"publish","type":"post","link":"https:\/\/foastek.fr\/?p=3142","title":{"rendered":"Le licenciement d\u2019un salari\u00e9 refusant de rendre le v\u00e9hicule de fonction constituant un avantage en nature est injustifi\u00e9"},"content":{"rendered":"\n<p>Un salari\u00e9 se fait attribuer un v\u00e9hicule de fonction lors de son embauche en 2007. En 2014, l\u2019employeur l\u2019informe de sa d\u00e9cision de supprimer la mise \u00e0 disposition de son v\u00e9hicule de fonction \u00e0 compter de d\u00e9but 2015.<\/p>\n\n\n\n<p>Le salari\u00e9 refuse de restituer son v\u00e9hicule de fonction consid\u00e9rant qu\u2019il s\u2019agissait d\u2019une modification de son contrat de travail.<\/p>\n\n\n\n<p>L\u2019employeur d\u00e9cide de licencier le salari\u00e9 pour faute grave en raison de la contestation du pouvoir de l\u2019employeur.<\/p>\n\n\n\n<p>Le salari\u00e9 saisit alors les prud\u2019hommes pour contester le caract\u00e8re r\u00e9el et s\u00e9rieux de son licenciement.<\/p>\n\n\n\n<p>La Cour de Cassation (Cass. Soc. 2 d\u00e9cembre 2020 n\u00b0 19-18445) confirme l\u2019arr\u00eat de la Cour d\u2019appel et donne raison au salari\u00e9. Elle rappelle, d\u2019une part, que :<\/p>\n\n\n\n<p>Les avantages en nature constituent un \u00e9l\u00e9ment de r\u00e9mun\u00e9ration et que le fait pour l\u2019employeur d\u2019en priver le salari\u00e9 constitue une r\u00e9elle modification du contrat de travail.<br>\u00ab Est d\u00e9pourvu de cause r\u00e9elle et s\u00e9rieuse, le licenciement d\u2019un salari\u00e9 ayant refus\u00e9 de restituer, non un v\u00e9hicule de service, mais le v\u00e9hicule de fonction dont il a la disposition depuis plusieurs ann\u00e9es et qui constitue un avantage en nature \u00bb.<\/p>\n\n\n\n<p>D\u2019autre part, elle repr\u00e9cise la diff\u00e9rence entre \u00ab une modification du contrat de travail \u00bb que le salari\u00e9 est en droit de refuser sans pouvoir \u00eatre sanctionn\u00e9 et \u00ab une modification des conditions d\u2019ex\u00e9cution du contrat de travail \u00bb qui s\u2019impose au salari\u00e9 et dont le refus peut entra\u00eener une sanction.<\/p>\n","protected":false},"excerpt":{"rendered":"<div class=\"mh-excerpt\"><p>Un salari\u00e9 se fait attribuer un v\u00e9hicule de fonction lors de son embauche en 2007. En 2014, l\u2019employeur l\u2019informe de sa d\u00e9cision de supprimer la <a class=\"mh-excerpt-more\" href=\"https:\/\/foastek.fr\/?p=3142\" title=\"Le licenciement d\u2019un salari\u00e9 refusant de rendre le v\u00e9hicule de fonction constituant un avantage en nature est injustifi\u00e9\">[&#8230;]<\/a><\/p>\n<\/div>","protected":false},"author":1,"featured_media":0,"comment_status":"open","ping_status":"open","sticky":false,"template":"","format":"standard","meta":{"h5ap_radio_sources":[],"jetpack_post_was_ever_published":false,"_jetpack_newsletter_access":"","_jetpack_dont_email_post_to_subs":false,"_jetpack_newsletter_tier_id":0,"_jetpack_memberships_contains_paywalled_content":false,"_jetpack_memberships_contains_paid_content":false,"footnotes":"","jetpack_publicize_message":"","jetpack_publicize_feature_enabled":true,"jetpack_social_post_already_shared":true,"jetpack_social_options":{"image_generator_settings":{"template":"highway","default_image_id":0,"font":"","enabled":false},"version":2}},"categories":[2,10],"tags":[170,22],"class_list":["post-3142","post","type-post","status-publish","format-standard","hentry","category-accueil","category-vos-droits","tag-cassation","tag-licenciement"],"jetpack_publicize_connections":[],"jetpack_featured_media_url":"","jetpack_sharing_enabled":true,"jetpack_shortlink":"https:\/\/wp.me\/p77E1E-OG","jetpack-related-posts":[],"_links":{"self":[{"href":"https:\/\/foastek.fr\/index.php?rest_route=\/wp\/v2\/posts\/3142","targetHints":{"allow":["GET"]}}],"collection":[{"href":"https:\/\/foastek.fr\/index.php?rest_route=\/wp\/v2\/posts"}],"about":[{"href":"https:\/\/foastek.fr\/index.php?rest_route=\/wp\/v2\/types\/post"}],"author":[{"embeddable":true,"href":"https:\/\/foastek.fr\/index.php?rest_route=\/wp\/v2\/users\/1"}],"replies":[{"embeddable":true,"href":"https:\/\/foastek.fr\/index.php?rest_route=%2Fwp%2Fv2%2Fcomments&post=3142"}],"version-history":[{"count":2,"href":"https:\/\/foastek.fr\/index.php?rest_route=\/wp\/v2\/posts\/3142\/revisions"}],"predecessor-version":[{"id":4275,"href":"https:\/\/foastek.fr\/index.php?rest_route=\/wp\/v2\/posts\/3142\/revisions\/4275"}],"wp:attachment":[{"href":"https:\/\/foastek.fr\/index.php?rest_route=%2Fwp%2Fv2%2Fmedia&parent=3142"}],"wp:term":[{"taxonomy":"category","embeddable":true,"href":"https:\/\/foastek.fr\/index.php?rest_route=%2Fwp%2Fv2%2Fcategories&post=3142"},{"taxonomy":"post_tag","embeddable":true,"href":"https:\/\/foastek.fr\/index.php?rest_route=%2Fwp%2Fv2%2Ftags&post=3142"}],"curies":[{"name":"wp","href":"https:\/\/api.w.org\/{rel}","templated":true}]}}