{"id":3149,"date":"2021-08-02T12:45:00","date_gmt":"2021-08-02T11:45:00","guid":{"rendered":"http:\/\/foastek.fr\/?p=3149"},"modified":"2023-04-15T21:35:12","modified_gmt":"2023-04-15T20:35:12","slug":"vos-droits-le-licenciement-dun-salarie-victime-de-harcelement-moral-pour-faute-grave-suite-a-un-comportement-violent-a-legard-de-sa-superieure-hierarchique-est-sans-cause-reelle-et","status":"publish","type":"post","link":"https:\/\/foastek.fr\/?p=3149","title":{"rendered":"Le licenciement d\u2019un salari\u00e9 victime de harc\u00e8lement moral pour faute grave suite \u00e0 un comportement violent \u00e0 l\u2019\u00e9gard de sa sup\u00e9rieure hi\u00e9rarchique est sans cause r\u00e9elle et s\u00e9rieuse"},"content":{"rendered":"\n<p>La Cour de cassation (<strong>Cass. Soc. 12 mai 2021 n\u00b020-10512<\/strong>) consid\u00e8re que le licenciement d\u2019un salari\u00e9 victime de harc\u00e8lement moral pour faute grave suite \u00e0 un comportement violent (agression verbale) \u00e0 l\u2019\u00e9gard de sa sup\u00e9rieure hi\u00e9rarchique est sans cause r\u00e9elle et s\u00e9rieuse.<\/p>\n\n\n\n<p>Extrait de la d\u00e9cision : \u00ab\u00a0Ayant constat\u00e9 que l\u2019agression verbale commise par le salari\u00e9 r\u00e9sultait de son \u00e9tat pathologique, cons\u00e9quence du harc\u00e8lement moral dont il \u00e9tait victime, elle a pu en d\u00e9duire que ce comportement ne constituait pas une faute grave rendant impossible le maintien de l\u2019int\u00e9ress\u00e9 dans l\u2019entreprise.\u00a0\u00bb<\/p>\n","protected":false},"excerpt":{"rendered":"<div class=\"mh-excerpt\"><p>La Cour de cassation (Cass. Soc. 12 mai 2021 n\u00b020-10512) consid\u00e8re que le licenciement d\u2019un salari\u00e9 victime de harc\u00e8lement moral pour faute grave suite \u00e0 <a class=\"mh-excerpt-more\" href=\"https:\/\/foastek.fr\/?p=3149\" title=\"Le licenciement d\u2019un salari\u00e9 victime de harc\u00e8lement moral pour faute grave suite \u00e0 un comportement violent \u00e0 l\u2019\u00e9gard de sa sup\u00e9rieure hi\u00e9rarchique est sans cause r\u00e9elle et s\u00e9rieuse\">[&#8230;]<\/a><\/p>\n<\/div>","protected":false},"author":1,"featured_media":0,"comment_status":"open","ping_status":"open","sticky":false,"template":"","format":"standard","meta":{"h5ap_radio_sources":[],"jetpack_post_was_ever_published":false,"_jetpack_newsletter_access":"","_jetpack_dont_email_post_to_subs":false,"_jetpack_newsletter_tier_id":0,"_jetpack_memberships_contains_paywalled_content":false,"_jetpack_memberships_contains_paid_content":false,"footnotes":"","jetpack_publicize_message":"","jetpack_publicize_feature_enabled":true,"jetpack_social_post_already_shared":true,"jetpack_social_options":{"image_generator_settings":{"template":"highway","default_image_id":0,"font":"","enabled":false},"version":2}},"categories":[2,10],"tags":[170,22,249],"class_list":["post-3149","post","type-post","status-publish","format-standard","hentry","category-accueil","category-vos-droits","tag-cassation","tag-licenciement","tag-sans-cause-reelle-et-serieuse"],"jetpack_publicize_connections":[],"jetpack_featured_media_url":"","jetpack_sharing_enabled":true,"jetpack_shortlink":"https:\/\/wp.me\/p77E1E-ON","jetpack-related-posts":[],"_links":{"self":[{"href":"https:\/\/foastek.fr\/index.php?rest_route=\/wp\/v2\/posts\/3149","targetHints":{"allow":["GET"]}}],"collection":[{"href":"https:\/\/foastek.fr\/index.php?rest_route=\/wp\/v2\/posts"}],"about":[{"href":"https:\/\/foastek.fr\/index.php?rest_route=\/wp\/v2\/types\/post"}],"author":[{"embeddable":true,"href":"https:\/\/foastek.fr\/index.php?rest_route=\/wp\/v2\/users\/1"}],"replies":[{"embeddable":true,"href":"https:\/\/foastek.fr\/index.php?rest_route=%2Fwp%2Fv2%2Fcomments&post=3149"}],"version-history":[{"count":2,"href":"https:\/\/foastek.fr\/index.php?rest_route=\/wp\/v2\/posts\/3149\/revisions"}],"predecessor-version":[{"id":4276,"href":"https:\/\/foastek.fr\/index.php?rest_route=\/wp\/v2\/posts\/3149\/revisions\/4276"}],"wp:attachment":[{"href":"https:\/\/foastek.fr\/index.php?rest_route=%2Fwp%2Fv2%2Fmedia&parent=3149"}],"wp:term":[{"taxonomy":"category","embeddable":true,"href":"https:\/\/foastek.fr\/index.php?rest_route=%2Fwp%2Fv2%2Fcategories&post=3149"},{"taxonomy":"post_tag","embeddable":true,"href":"https:\/\/foastek.fr\/index.php?rest_route=%2Fwp%2Fv2%2Ftags&post=3149"}],"curies":[{"name":"wp","href":"https:\/\/api.w.org\/{rel}","templated":true}]}}