{"id":3198,"date":"2022-05-20T14:38:00","date_gmt":"2022-05-20T13:38:00","guid":{"rendered":"http:\/\/foastek.fr\/?p=3198"},"modified":"2023-04-15T18:13:13","modified_gmt":"2023-04-15T17:13:13","slug":"astek-attaque-en-justice-le-syndicat-fo-pour-forcer-le-demenagement-du-local-syndical-en-dehors-de-lentreprise-suite","status":"publish","type":"post","link":"https:\/\/foastek.fr\/?p=3198","title":{"rendered":"Astek attaque en justice le syndicat FO pour forcer le d\u00e9m\u00e9nagement du local syndical en dehors de l&rsquo;entreprise (Suite)"},"content":{"rendered":"\n<p>[Mise \u00e0 jour du 20 mai]<\/p>\n\n\n\n<p>Le 13 octobre 2021, un huissier a remis au syndicat <em><strong><mark style=\"background-color:rgba(0, 0, 0, 0)\" class=\"has-inline-color has-vivid-red-color\">FO<\/mark><\/strong><\/em> une assignation en justice d&rsquo;Astek pour demander \u00e0 un juge d&rsquo;ordonner le d\u00e9m\u00e9nagement du local syndical <em><strong><mark style=\"background-color:rgba(0, 0, 0, 0)\" class=\"has-inline-color has-vivid-red-color\">FO<\/mark><\/strong><\/em> &#8230; en dehors des locaux de l&rsquo;entreprise.<\/p>\n\n\n\n<p>Le syndicat <strong><em><mark style=\"background-color:rgba(0, 0, 0, 0)\" class=\"has-inline-color has-vivid-red-color\">FO<\/mark><\/em><\/strong> s&rsquo;est rendu le 2 d\u00e9cembre au tribunal de Lyon en vue de l&rsquo;audience sur son local syndical. Suite \u00e0 une erreur du cabinet d&rsquo;avocats repr\u00e9sentant le groupe astek, l&rsquo;audience a \u00e9t\u00e9 repouss\u00e9e en mai 2022 &#8230; puis en septembre 2022.<\/p>\n\n\n\n<p>Depuis 2014, l&rsquo;\u00e9quipe <em><strong><mark style=\"background-color:rgba(0, 0, 0, 0)\" class=\"has-inline-color has-vivid-red-color\">FO<\/mark><\/strong><\/em> s&rsquo;engage au quotidien pour aider et conseiller les salari\u00e9s, n\u00e9gocier de nouveaux droits pour les salari\u00e9s. Face \u00e0 la forte \u00ab\u00a0baisse\u00a0\u00bb de l&rsquo;effectif du groupe en 2020 pendant la pand\u00e9mie, le syndicat par la voix de l&rsquo;un de ses d\u00e9l\u00e9gu\u00e9s syndicaux n&rsquo;a pas h\u00e9sit\u00e9 \u00e0 alerter la presse et les m\u00e9dias (<a href=\"http:\/\/foastek.fr\/?cat=8\">articles, radio et t\u00e9l\u00e9vision ici<\/a>) sur les situations et les abus.<\/p>\n\n\n\n<p>Apr\u00e8s la contestation en 2019 des mandats accord\u00e9s \u00e0 ses d\u00e9l\u00e9gu\u00e9s syndicaux, la suppression de l&rsquo;accord de Droit Syndical en 2020 interdisant ainsi l&rsquo;envoi de communication vers la messagerie professionnelle des salari\u00e9s, la sanction disciplinaire d&rsquo;un d\u00e9l\u00e9gu\u00e9 syndical en 2020, une action en justice engag\u00e9e en 2021 pour sortir le local syndical de l&rsquo;entreprise, cela conforte la vision de <em><mark style=\"background-color:rgba(0, 0, 0, 0)\" class=\"has-inline-color has-vivid-red-color\"><strong>FO<\/strong><\/mark><\/em> d&rsquo;une chasse aux sorci\u00e8res organis\u00e9e \u00e0 l&rsquo;encontre des syndicats qui s&rsquo;engagent.<\/p>\n","protected":false},"excerpt":{"rendered":"<div class=\"mh-excerpt\"><p>[Mise \u00e0 jour du 20 mai] Le 13 octobre 2021, un huissier a remis au syndicat FO une assignation en justice d&rsquo;Astek pour demander \u00e0 <a class=\"mh-excerpt-more\" href=\"https:\/\/foastek.fr\/?p=3198\" title=\"Astek attaque en justice le syndicat FO pour forcer le d\u00e9m\u00e9nagement du local syndical en dehors de l&rsquo;entreprise (Suite)\">[&#8230;]<\/a><\/p>\n<\/div>","protected":false},"author":1,"featured_media":0,"comment_status":"open","ping_status":"open","sticky":false,"template":"","format":"standard","meta":{"h5ap_radio_sources":[],"jetpack_post_was_ever_published":false,"_jetpack_newsletter_access":"","_jetpack_dont_email_post_to_subs":false,"_jetpack_newsletter_tier_id":0,"_jetpack_memberships_contains_paywalled_content":false,"_jetpack_memberships_contains_paid_content":false,"footnotes":"","jetpack_publicize_message":"","jetpack_publicize_feature_enabled":true,"jetpack_social_post_already_shared":true,"jetpack_social_options":{"image_generator_settings":{"template":"highway","default_image_id":0,"font":"","enabled":false},"version":2}},"categories":[2,256],"tags":[20,50,149],"class_list":["post-3198","post","type-post","status-publish","format-standard","hentry","category-accueil","category-astek","tag-astek","tag-fo","tag-justice"],"jetpack_publicize_connections":[],"jetpack_featured_media_url":"","jetpack_sharing_enabled":true,"jetpack_shortlink":"https:\/\/wp.me\/p77E1E-PA","jetpack-related-posts":[],"_links":{"self":[{"href":"https:\/\/foastek.fr\/index.php?rest_route=\/wp\/v2\/posts\/3198","targetHints":{"allow":["GET"]}}],"collection":[{"href":"https:\/\/foastek.fr\/index.php?rest_route=\/wp\/v2\/posts"}],"about":[{"href":"https:\/\/foastek.fr\/index.php?rest_route=\/wp\/v2\/types\/post"}],"author":[{"embeddable":true,"href":"https:\/\/foastek.fr\/index.php?rest_route=\/wp\/v2\/users\/1"}],"replies":[{"embeddable":true,"href":"https:\/\/foastek.fr\/index.php?rest_route=%2Fwp%2Fv2%2Fcomments&post=3198"}],"version-history":[{"count":3,"href":"https:\/\/foastek.fr\/index.php?rest_route=\/wp\/v2\/posts\/3198\/revisions"}],"predecessor-version":[{"id":3423,"href":"https:\/\/foastek.fr\/index.php?rest_route=\/wp\/v2\/posts\/3198\/revisions\/3423"}],"wp:attachment":[{"href":"https:\/\/foastek.fr\/index.php?rest_route=%2Fwp%2Fv2%2Fmedia&parent=3198"}],"wp:term":[{"taxonomy":"category","embeddable":true,"href":"https:\/\/foastek.fr\/index.php?rest_route=%2Fwp%2Fv2%2Fcategories&post=3198"},{"taxonomy":"post_tag","embeddable":true,"href":"https:\/\/foastek.fr\/index.php?rest_route=%2Fwp%2Fv2%2Ftags&post=3198"}],"curies":[{"name":"wp","href":"https:\/\/api.w.org\/{rel}","templated":true}]}}