{"id":3204,"date":"2021-09-20T15:17:00","date_gmt":"2021-09-20T14:17:00","guid":{"rendered":"http:\/\/foastek.fr\/?p=3204"},"modified":"2023-04-15T18:21:55","modified_gmt":"2023-04-15T17:21:55","slug":"astek-prefere-verser-des-dividendes-a-compenser-la-perte-de-remuneration-des-salaries-places-en-chomage-partiel","status":"publish","type":"post","link":"https:\/\/foastek.fr\/?p=3204","title":{"rendered":"Astek pr\u00e9f\u00e8re verser des dividendes \u00e0 compenser la perte de r\u00e9mun\u00e9ration des salari\u00e9s plac\u00e9s en ch\u00f4mage partiel"},"content":{"rendered":"\n<p>Pendant la crise sanitaire, le groupe astek a plac\u00e9 des centaines de salari\u00e9s en ch\u00f4mage partiel et a b\u00e9n\u00e9fici\u00e9 du soutien de l&rsquo;\u00e9tat.<\/p>\n\n\n\n<p><span style=\"text-decoration: underline;\">Les salari\u00e9s plac\u00e9s en ch\u00f4mage partiel ont ainsi perdu 15% de leur r\u00e9mun\u00e9ration<\/span> pendant de nombreuses semaines voir mois.<\/p>\n\n\n\n<p>Alors que la direction du groupe astek a refus\u00e9 la demande de <strong><em><mark style=\"background-color:rgba(0, 0, 0, 0)\" class=\"has-inline-color has-vivid-red-color\">FO<\/mark><\/em><\/strong> de maintien du salaire pour les salari\u00e9s impact\u00e9s, <strong><em><mark style=\"background-color:rgba(0, 0, 0, 0)\" class=\"has-inline-color has-vivid-red-color\">FO<\/mark><\/em><\/strong> a d\u00e9couvert lors de la publication des comptes 2020 de l&rsquo;entreprise que la direction du groupe astek a d\u00e9cid\u00e9 le versement de 4,5 M\u20ac de dividendes aux actionnaires !<\/p>\n\n\n\n<p>Il y a celles et ceux qui paient l&rsquo;impact de la crise et ceux qui empochent les b\u00e9n\u00e9fices.<\/p>\n\n\n\n<p>A bon entendeur, salut !<\/p>\n","protected":false},"excerpt":{"rendered":"<div class=\"mh-excerpt\"><p>Pendant la crise sanitaire, le groupe astek a plac\u00e9 des centaines de salari\u00e9s en ch\u00f4mage partiel et a b\u00e9n\u00e9fici\u00e9 du soutien de l&rsquo;\u00e9tat. Les salari\u00e9s <a class=\"mh-excerpt-more\" href=\"https:\/\/foastek.fr\/?p=3204\" title=\"Astek pr\u00e9f\u00e8re verser des dividendes \u00e0 compenser la perte de r\u00e9mun\u00e9ration des salari\u00e9s plac\u00e9s en ch\u00f4mage partiel\">[&#8230;]<\/a><\/p>\n<\/div>","protected":false},"author":1,"featured_media":0,"comment_status":"open","ping_status":"open","sticky":false,"template":"","format":"standard","meta":{"h5ap_radio_sources":[],"jetpack_post_was_ever_published":false,"_jetpack_newsletter_access":"","_jetpack_dont_email_post_to_subs":false,"_jetpack_newsletter_tier_id":0,"_jetpack_memberships_contains_paywalled_content":false,"_jetpack_memberships_contains_paid_content":false,"footnotes":"","jetpack_publicize_message":"","jetpack_publicize_feature_enabled":true,"jetpack_social_post_already_shared":true,"jetpack_social_options":{"image_generator_settings":{"template":"highway","default_image_id":0,"font":"","enabled":false},"version":2}},"categories":[2,256],"tags":[],"class_list":["post-3204","post","type-post","status-publish","format-standard","hentry","category-accueil","category-astek"],"jetpack_publicize_connections":[],"jetpack_featured_media_url":"","jetpack_sharing_enabled":true,"jetpack_shortlink":"https:\/\/wp.me\/p77E1E-PG","jetpack-related-posts":[],"_links":{"self":[{"href":"https:\/\/foastek.fr\/index.php?rest_route=\/wp\/v2\/posts\/3204","targetHints":{"allow":["GET"]}}],"collection":[{"href":"https:\/\/foastek.fr\/index.php?rest_route=\/wp\/v2\/posts"}],"about":[{"href":"https:\/\/foastek.fr\/index.php?rest_route=\/wp\/v2\/types\/post"}],"author":[{"embeddable":true,"href":"https:\/\/foastek.fr\/index.php?rest_route=\/wp\/v2\/users\/1"}],"replies":[{"embeddable":true,"href":"https:\/\/foastek.fr\/index.php?rest_route=%2Fwp%2Fv2%2Fcomments&post=3204"}],"version-history":[{"count":2,"href":"https:\/\/foastek.fr\/index.php?rest_route=\/wp\/v2\/posts\/3204\/revisions"}],"predecessor-version":[{"id":3304,"href":"https:\/\/foastek.fr\/index.php?rest_route=\/wp\/v2\/posts\/3204\/revisions\/3304"}],"wp:attachment":[{"href":"https:\/\/foastek.fr\/index.php?rest_route=%2Fwp%2Fv2%2Fmedia&parent=3204"}],"wp:term":[{"taxonomy":"category","embeddable":true,"href":"https:\/\/foastek.fr\/index.php?rest_route=%2Fwp%2Fv2%2Fcategories&post=3204"},{"taxonomy":"post_tag","embeddable":true,"href":"https:\/\/foastek.fr\/index.php?rest_route=%2Fwp%2Fv2%2Ftags&post=3204"}],"curies":[{"name":"wp","href":"https:\/\/api.w.org\/{rel}","templated":true}]}}