{"id":3279,"date":"2022-01-07T11:50:00","date_gmt":"2022-01-07T10:50:00","guid":{"rendered":"http:\/\/foastek.fr\/?p=3279"},"modified":"2023-04-15T18:17:12","modified_gmt":"2023-04-15T17:17:12","slug":"astek-lettre-au-president-du-directoire-concernant-les-mesures-covid-19-a-partir-du-3-janvier-2022","status":"publish","type":"post","link":"https:\/\/foastek.fr\/?p=3279","title":{"rendered":"Lettre au Pr\u00e9sident du Directoire concernant les mesures COVID-19 \u00e0 partir du 3 janvier 2022"},"content":{"rendered":"\n<p>Bonjour M. Gavaldon,<br>J&rsquo;aurais pu, comme lors d&rsquo;une p\u00e9riode pr\u00e9c\u00e9dente (2\u00e8me confinement), vous adresser d\u00e8s le 3 janvier 2022 un courriel vous rappelant les obligations. Courriel que vous auriez sans doute pris comme un proc\u00e8s d&rsquo;intention ou un donneur de le\u00e7on. J&rsquo;ai pr\u00e9f\u00e9r\u00e9 voir si l&rsquo;entreprise se conformerait aux positions du gouvernement et \u00e0 l&rsquo;ensemble des dispositions du protocole.<\/p>\n\n\n\n<p>Le premier ministre et la ministre du travail ont indiqu\u00e9 que, dans le contexte actuel de reprise \u00e9pid\u00e9mique, un dialogue social de proximit\u00e9 doit s&rsquo;engager dans l&rsquo;entreprise avec les repr\u00e9sentants du personnel et les repr\u00e9sentants syndicaux pour d\u00e9finir ensemble les mesures et leur mise en \u0153uvre.<\/p>\n\n\n\n<p>Voici quelques extraits du \u00ab\u00a0<strong>Protocole national pour assurer la sant\u00e9 et la s\u00e9curit\u00e9 des salari\u00e9s en entreprise face \u00e0 l\u2019\u00e9pid\u00e9mie de COVID-19<\/strong>\u00a0\u00bb que vous pouvez trouver \u00e0 l&rsquo;adresse internet suivante <a rel=\"noreferrer noopener\" href=\"https:\/\/travail-emploi.gouv.fr\/le-ministere-en-action\/coronavirus-covid-19\/protection-des-travailleurs\/protocole-national-sante-securite-salaries\" target=\"_blank\">Protocole national entreprises covid-19 &#8211; sant\u00e9 et s\u00e9curit\u00e9 salari\u00e9s (travail-emploi.gouv.fr)<\/a>.<\/p>\n\n\n\n<p>P. 3 (Chapitre I- LES MODALITES DE MISE EN \u0152UVRE DES MESURES DE PROTECTION DANS L\u2019ENTREPRISE DANS LE CADRE D\u2019UN DIALOGUE SOCIAL) <\/p>\n\n\n\n<blockquote class=\"wp-block-quote is-layout-flow wp-block-quote-is-layout-flow\"><p>\u00ab\u00a0<em>La d\u00e9finition et la mise en \u0153uvre des mesures de pr\u00e9vention n\u00e9cessitent un travail de r\u00e9flexion pr\u00e9alable, conduit dans un cadre concert\u00e9, afin de garantir leur faisabilit\u00e9, leur effectivit\u00e9 et leur appropriation la plus large par tous les acteurs participant \u00e0 la lutte contre la propagation du virus. A cet \u00e9gard, le dialogue social est un \u00e9l\u00e9ment essentiel pour la mise en \u0153uvre des mesures pr\u00e9vues par ce protocole. L\u2019association des repr\u00e9sentants du personnel et des repr\u00e9sentants syndicaux facilite la d\u00e9clinaison de ces mesures dans l\u2019entreprise en tenant compte de la r\u00e9alit\u00e9 de son activit\u00e9, de sa situation g\u00e9ographique et de la situation \u00e9pid\u00e9miologique, et des missions confi\u00e9es \u00e0 chacun. Elle permet \u00e9galement d\u2019anticiper les difficult\u00e9s concr\u00e8tes li\u00e9es \u00e0 leur mise en \u0153uvre.Dans le contexte actuel de reprise \u00e9pid\u00e9mique, l\u2019organisation d\u2019un \u00e9change dans le cadre du dialogue social de proximit\u00e9 sur la mise en place ou le renforcement des mesures sanitaires au sein de l\u2019entreprise est d\u2019autant plus essentielle (ex : \u00e9talement des horaires ; flux de circulation ; mise en place du t\u00e9l\u00e9travail etc.).<\/em>\u00ab\u00a0<\/p><\/blockquote>\n\n\n\n<p>P. 5 (Chapitre II- LES MESURES DE PROTECTION DES SALARIES)<\/p>\n\n\n\n<blockquote class=\"wp-block-quote is-layout-flow wp-block-quote-is-layout-flow\"><p>\u00ab\u00a0<em>Les employeurs fixent les r\u00e8gles applicables dans le cadre du dialogue social de proximit\u00e9, en veillant au maintien des liens au sein du collectif de travail et \u00e0 la pr\u00e9vention des risques li\u00e9s \u00e0 l\u2019isolement des salari\u00e9s en t\u00e9l\u00e9travail.<\/em>\u00ab\u00a0<\/p><\/blockquote>\n\n\n\n<p>Suite \u00e0 la publication du document \u00ab\u00a0SANTE &#8211; Mesures Covid MAJ 2022.01.pdf\u00a0\u00bb sur le portail WELCOME de l&rsquo;entreprise, je souhaite faire certains constats.<\/p>\n\n\n\n<p>Le protocole national indique \u00ab\u00a0<em>Les entreprises mettent en \u0153uvre ces mesures de pr\u00e9vention dans le cadre d\u2019un dialogue social interne et apr\u00e8s avoir inform\u00e9 les salari\u00e9s.<\/em>\u00ab\u00a0. Or, nombre des salari\u00e9s pr\u00e9sents sur site (et j&rsquo;en fais parti) <strong>n&rsquo;ont \u00e9t\u00e9 ni inform\u00e9s au pr\u00e9alable<\/strong> (d\u00e9p\u00f4t d&rsquo;un simple document sur l&rsquo;espace documentaire et absence de communication par mail \u00e0 l&rsquo;ensemble du personnel) de la mise en oeuvre des mesures du document <strong>ni accompagn\u00e9s<\/strong> ce qui a engendr\u00e9 des agacements et des incompr\u00e9hensions (\u00ab\u00a0Quelle diff\u00e9rence entre \u00eatre dans la salle de restauration et au restaurant ?\u00a0\u00bb).<\/p>\n\n\n\n<p>Je constate que des mesures sont\u00a0d\u00e9ploy\u00e9es <strong>sans dialogue social<\/strong> avec les repr\u00e9sentants du personnel et les repr\u00e9sentants syndicaux comme le pr\u00e9voit le protocole national qui s&rsquo;applique aux entreprises fran\u00e7aises (\u00ab\u00a0<em>un dialogue social de proximit\u00e9 <u>doit s&rsquo;engager<\/u> dans l&rsquo;entreprise<\/em>\u00ab\u00a0, \u00ab\u00a0<em>le dialogue social <u>est un \u00e9l\u00e9ment essentiel<\/u> pour la mise en \u0153uvre des mesures pr\u00e9vues par ce protocole<\/em>\u00ab\u00a0&#8230;). Cette situation fait une nouvelle fois obstacle au dialogue social dans l&rsquo;entreprise &#8230; mais le souhaitez-vous ! Vous mettez ainsi les instances repr\u00e9sentatives du personnel devant le fait accompli, nous obligeant \u00e0 faire des observations \u00e0 post\u00e9riori (et nous faisant passer pour \u00ab\u00a0des r\u00e2leurs de service\u00a0\u00bb) pour d\u00e9fendre les int\u00e9r\u00eats des salari\u00e9s (sant\u00e9 et s\u00e9curit\u00e9) et le fonctionnement des instances repr\u00e9sentatives du personnel au lieu d&rsquo;\u00eatre dans la pr\u00e9vention primaire.<\/p>\n\n\n\n<p>Ce dialogue social aurait sans aucun doute permis la prise en compte r\u00e9elle des situations et de trouver l&rsquo;ensemble des mesures adapt\u00e9es \u00e0 l&rsquo;entreprise comme :<\/p>\n\n\n\n<ul class=\"wp-block-list\"><li>Jauge de pr\u00e9sence maximale \u00e0 50% dans les open-spaces,<\/li><li>Pr\u00e9sence obligatoire d&rsquo;\u00e9quipiers de s\u00e9curit\u00e9,<\/li><li>Etalement des horaires de pr\u00e9sence,<\/li><li>T\u00e9l\u00e9travail adapt\u00e9,<\/li><li>R\u00e9partition des prises de repas entre la salle de restauration (1 personne par table) et le poste de travail (Vous maintenez \u00ab\u00a0la possibilit\u00e9 de se restaurer (seulement) \u00e0 son poste de travail\u00a0\u00bb, or, les personnes qui souhaitent d\u00e9jeuner peuvent se retrouvent c\u00f4te \u00e0 c\u00f4te).<\/li><li>&#8230;<\/li><\/ul>\n\n\n\n<p>Concernant les mesures \u00ab\u00a0<strong>Fonctionnement T\u00e9l\u00e9travail<\/strong>\u00ab\u00a0, vous n&rsquo;avez pr\u00e9vu aucune mesure pour les salari\u00e9s du commerce et du recrutement alors que leur activit\u00e9 (appels t\u00e9l\u00e9phoniques, r\u00e9unions, travail sur leur poste de travail mobile) peut tout \u00e0 fait \u00eatre r\u00e9alis\u00e9e en t\u00e9l\u00e9travail. Sur la trentaine de personnes (commerce et recrutement) des locaux B11 de Lyon, pr\u00e8s des 2\/3 ont \u00e9t\u00e9 pr\u00e9sentes au moins 3 jours cette semaine.<\/p>\n\n\n\n<p>Concernant les mesures \u00ab\u00a0<strong>R\u00e9unions<\/strong>\u00ab\u00a0, vous indiquez \u00ab\u00a0respecter le nombre maximum affich\u00e9 (jauge)\u00a0\u00bb. Or, il a \u00e9t\u00e9 remont\u00e9, depuis plusieurs mois, que les salles de r\u00e9union \u00e0 Lyon n&rsquo;ont plus d&rsquo;affichage de jauge ce qui fait que des r\u00e9unions de plus de 10 personnes sont organis\u00e9es dans une salle o\u00f9 en 2020, la jauge indiquait &#8230; 5 personnes.<\/p>\n\n\n\n<p>Concernant les mesures \u00ab\u00a0<strong>Restauration dans les locaux<\/strong>\u00ab\u00a0, vous indiquez quelles sont applicables depuis le 3 janvier 2022. Pour information, le protocole national indique \u00ab\u00a0<em>Les entreprises mettent en \u0153uvre ces mesures de pr\u00e9vention dans le cadre d\u2019un dialogue social interne et apr\u00e8s avoir inform\u00e9 les salari\u00e9s.<\/em>\u00ab\u00a0.\u00a0 Or, nombre des salari\u00e9s n&rsquo;ont pas \u00e9t\u00e9 inform\u00e9s au pr\u00e9alable et ont d\u00e9couvert cette mesure lorsque Paul Pereira a d\u00e9barqu\u00e9 dans la salle de restauration (Lyon) et indiqu\u00e9 aux salari\u00e9s pr\u00e9sents qu&rsquo;ils n&rsquo;avaient pas le droit de manger dans ce lieu. A la suite d&rsquo;un \u00e9change avec des coll\u00e8gues, le directeur r\u00e9gional adjoint qui n&rsquo;a peut \u00eatre pas appr\u00e9ci\u00e9 que j&rsquo;\u00e9change avec celles-ci \u00e0 informer de ma pr\u00e9sence sur site \u00e0 mon manager parisien qui a dans la foul\u00e9e fait un courriel pour me dire que je devais \u00eatre en t\u00e9l\u00e9travail 3 jours par semaine. Je vous rappelle que je b\u00e9n\u00e9ficie de la libert\u00e9 de circulation et d&rsquo;organisation de mes mandats.<\/p>\n\n\n\n<p>Concernant les mesures \u00ab\u00a0<strong>Gestes barri\u00e8res<\/strong>\u00a0\u00bb et \u00ab\u00a0<strong>Port du masque<\/strong>\u00ab\u00a0, vous indiquez une distance d&rsquo;un m\u00e8tre, le port du masque obligatoire. Je constate encore l&rsquo;absence de port du masque ou un masque sous le nez lors de d\u00e9placements ou d&rsquo;\u00e9changes parfois \u00e0 moins d&rsquo;un m\u00e8tre.<\/p>\n\n\n\n<p>Concernant les mesures pr\u00e9vues, je note l&rsquo;absence de r\u00e8gles concernant la pr\u00e9sence obligatoires des \u00e9quipiers s\u00e9curit\u00e9s.<\/p>\n\n\n\n<p>Parmi les trois personnes d\u00e9sign\u00e9es \u00e9quipiers de s\u00e9curit\u00e9 des locaux situ\u00e9s au Britannia-B11 (Lyon), dont la liste datant de mai 2021 est affich\u00e9e sur le panneau DIRECTION de l&rsquo;agence, une a quitt\u00e9 l&rsquo;entreprise depuis 7 mois, une se trouve dans des locaux situ\u00e9s dans un autre immeuble de l&rsquo;ensemble immobilier Le Britannia (Lyon) et une troisi\u00e8me n&rsquo;est pas pr\u00e9sente ce jour. Si je me r\u00e9f\u00e8re \u00e0 la derni\u00e8re liste communiqu\u00e9e au CSE (mi-d\u00e9cembre 2021), un seul des quatre \u00e9quipiers est pr\u00e9sent ce jour ne contribuant pas \u00e0 la sant\u00e9 et la s\u00e9curit\u00e9 des salari\u00e9s. Lorsque des salari\u00e9s sont pr\u00e9sents sur site, le nombre d&rsquo;\u00e9quipiers de s\u00e9curit\u00e9 doit \u00eatre en nombre suffisant.<\/p>\n\n\n\n<p>Il y aurait peut-\u00eatre d&rsquo;autres choses \u00e0 dire.<\/p>\n\n\n\n<p>En conclusion, je vous demande de faire rapidement le n\u00e9cessaire, dans l&rsquo;int\u00e9r\u00eat de l&rsquo;entreprise et de la sant\u00e9 de ses salari\u00e9s, en associant les repr\u00e9sentants du personnel et les repr\u00e9sentants syndicaux dans l&rsquo;\u00e9laboration des mesures de pr\u00e9vention et de la communication \u00e0 l&rsquo;ensemble des salari\u00e9s de l&rsquo;entreprise, et en organisant les r\u00e9unions communes indispensables \u00e0 cela.<br><br>Cdt<br>C L<\/p>\n\n\n\n<p>D\u00e9l\u00e9gu\u00e9 syndical FO<\/p>\n","protected":false},"excerpt":{"rendered":"<div class=\"mh-excerpt\"><p>Bonjour M. Gavaldon,J&rsquo;aurais pu, comme lors d&rsquo;une p\u00e9riode pr\u00e9c\u00e9dente (2\u00e8me confinement), vous adresser d\u00e8s le 3 janvier 2022 un courriel vous rappelant les obligations. Courriel <a class=\"mh-excerpt-more\" href=\"https:\/\/foastek.fr\/?p=3279\" title=\"Lettre au Pr\u00e9sident du Directoire concernant les mesures COVID-19 \u00e0 partir du 3 janvier 2022\">[&#8230;]<\/a><\/p>\n<\/div>","protected":false},"author":1,"featured_media":0,"comment_status":"open","ping_status":"open","sticky":false,"template":"","format":"standard","meta":{"h5ap_radio_sources":[],"jetpack_post_was_ever_published":false,"_jetpack_newsletter_access":"","_jetpack_dont_email_post_to_subs":false,"_jetpack_newsletter_tier_id":0,"_jetpack_memberships_contains_paywalled_content":false,"_jetpack_memberships_contains_paid_content":false,"footnotes":"","jetpack_publicize_message":"","jetpack_publicize_feature_enabled":true,"jetpack_social_post_already_shared":true,"jetpack_social_options":{"image_generator_settings":{"template":"highway","default_image_id":0,"font":"","enabled":false},"version":2}},"categories":[2,256,4,160],"tags":[213],"class_list":["post-3279","post","type-post","status-publish","format-standard","hentry","category-accueil","category-astek","category-communication","category-sante","tag-covid19"],"jetpack_publicize_connections":[],"jetpack_featured_media_url":"","jetpack_sharing_enabled":true,"jetpack_shortlink":"https:\/\/wp.me\/p77E1E-QT","jetpack-related-posts":[],"_links":{"self":[{"href":"https:\/\/foastek.fr\/index.php?rest_route=\/wp\/v2\/posts\/3279","targetHints":{"allow":["GET"]}}],"collection":[{"href":"https:\/\/foastek.fr\/index.php?rest_route=\/wp\/v2\/posts"}],"about":[{"href":"https:\/\/foastek.fr\/index.php?rest_route=\/wp\/v2\/types\/post"}],"author":[{"embeddable":true,"href":"https:\/\/foastek.fr\/index.php?rest_route=\/wp\/v2\/users\/1"}],"replies":[{"embeddable":true,"href":"https:\/\/foastek.fr\/index.php?rest_route=%2Fwp%2Fv2%2Fcomments&post=3279"}],"version-history":[{"count":3,"href":"https:\/\/foastek.fr\/index.php?rest_route=\/wp\/v2\/posts\/3279\/revisions"}],"predecessor-version":[{"id":4075,"href":"https:\/\/foastek.fr\/index.php?rest_route=\/wp\/v2\/posts\/3279\/revisions\/4075"}],"wp:attachment":[{"href":"https:\/\/foastek.fr\/index.php?rest_route=%2Fwp%2Fv2%2Fmedia&parent=3279"}],"wp:term":[{"taxonomy":"category","embeddable":true,"href":"https:\/\/foastek.fr\/index.php?rest_route=%2Fwp%2Fv2%2Fcategories&post=3279"},{"taxonomy":"post_tag","embeddable":true,"href":"https:\/\/foastek.fr\/index.php?rest_route=%2Fwp%2Fv2%2Ftags&post=3279"}],"curies":[{"name":"wp","href":"https:\/\/api.w.org\/{rel}","templated":true}]}}