{"id":3379,"date":"2022-03-07T14:30:00","date_gmt":"2022-03-07T13:30:00","guid":{"rendered":"http:\/\/foastek.fr\/?p=3379"},"modified":"2023-04-15T18:14:52","modified_gmt":"2023-04-15T17:14:52","slug":"astek-negociations-2022-remunerations-valeur-ajoutee-temps-de-travail","status":"publish","type":"post","link":"https:\/\/foastek.fr\/?p=3379","title":{"rendered":"N\u00e9gociations 2022 &#8211; R\u00e9mun\u00e9rations, Valeur ajout\u00e9e, Temps de travail"},"content":{"rendered":"\n<p>L\u2019\u00e9quipe <strong><em><mark style=\"background-color:rgba(0, 0, 0, 0)\" class=\"has-inline-color has-vivid-red-color\">FO<\/mark> astek<\/em><\/strong> a \u00e9t\u00e9 la 1\u00e8re organisation syndicale \u00e0 faire des revendications sur les revalorisations salariales (enveloppes d&rsquo;augmentation), sur la revalorisation des frais professionnels, sur l&rsquo;augmentation du budget social du CSE, sur l&rsquo;octroi de primes, de jours enfants malades r\u00e9mun\u00e9r\u00e9s \u2026<\/p>\n\n\n\n<p>En bref, sur le partage des b\u00e9n\u00e9fices de la r\u00e9ussite affich\u00e9e par l&rsquo;entreprise.<\/p>\n\n\n\n<p>Consulter <a href=\"http:\/\/foastek.fr\/wp-content\/uploads\/2022\/06\/20220210_RevendicationsFO_RemVATpsTravail_V2.pdf\">les revendications d\u00e9taill\u00e9es du 14 f\u00e9vrier et compl\u00e9t\u00e9e le 7 mars 2022<\/a> (pdf, 2 pages, 174 Ko).<\/p>\n","protected":false},"excerpt":{"rendered":"<div class=\"mh-excerpt\"><p>L\u2019\u00e9quipe FO astek a \u00e9t\u00e9 la 1\u00e8re organisation syndicale \u00e0 faire des revendications sur les revalorisations salariales (enveloppes d&rsquo;augmentation), sur la revalorisation des frais professionnels, <a class=\"mh-excerpt-more\" href=\"https:\/\/foastek.fr\/?p=3379\" title=\"N\u00e9gociations 2022 &#8211; R\u00e9mun\u00e9rations, Valeur ajout\u00e9e, Temps de travail\">[&#8230;]<\/a><\/p>\n<\/div>","protected":false},"author":1,"featured_media":0,"comment_status":"open","ping_status":"open","sticky":false,"template":"","format":"standard","meta":{"h5ap_radio_sources":[],"jetpack_post_was_ever_published":false,"_jetpack_newsletter_access":"","_jetpack_dont_email_post_to_subs":false,"_jetpack_newsletter_tier_id":0,"_jetpack_memberships_contains_paywalled_content":false,"_jetpack_memberships_contains_paid_content":false,"footnotes":"","jetpack_publicize_message":"","jetpack_publicize_feature_enabled":true,"jetpack_social_post_already_shared":true,"jetpack_social_options":{"image_generator_settings":{"template":"highway","default_image_id":0,"font":"","enabled":false},"version":2}},"categories":[2,256],"tags":[267,154,118,222,268],"class_list":["post-3379","post","type-post","status-publish","format-standard","hentry","category-accueil","category-astek","tag-primes","tag-revendications","tag-salaires","tag-temps-de-travail","tag-valeur-ajoutee"],"jetpack_publicize_connections":[],"jetpack_featured_media_url":"","jetpack_sharing_enabled":true,"jetpack_shortlink":"https:\/\/wp.me\/p77E1E-Sv","jetpack-related-posts":[],"_links":{"self":[{"href":"https:\/\/foastek.fr\/index.php?rest_route=\/wp\/v2\/posts\/3379","targetHints":{"allow":["GET"]}}],"collection":[{"href":"https:\/\/foastek.fr\/index.php?rest_route=\/wp\/v2\/posts"}],"about":[{"href":"https:\/\/foastek.fr\/index.php?rest_route=\/wp\/v2\/types\/post"}],"author":[{"embeddable":true,"href":"https:\/\/foastek.fr\/index.php?rest_route=\/wp\/v2\/users\/1"}],"replies":[{"embeddable":true,"href":"https:\/\/foastek.fr\/index.php?rest_route=%2Fwp%2Fv2%2Fcomments&post=3379"}],"version-history":[{"count":5,"href":"https:\/\/foastek.fr\/index.php?rest_route=\/wp\/v2\/posts\/3379\/revisions"}],"predecessor-version":[{"id":4067,"href":"https:\/\/foastek.fr\/index.php?rest_route=\/wp\/v2\/posts\/3379\/revisions\/4067"}],"wp:attachment":[{"href":"https:\/\/foastek.fr\/index.php?rest_route=%2Fwp%2Fv2%2Fmedia&parent=3379"}],"wp:term":[{"taxonomy":"category","embeddable":true,"href":"https:\/\/foastek.fr\/index.php?rest_route=%2Fwp%2Fv2%2Fcategories&post=3379"},{"taxonomy":"post_tag","embeddable":true,"href":"https:\/\/foastek.fr\/index.php?rest_route=%2Fwp%2Fv2%2Ftags&post=3379"}],"curies":[{"name":"wp","href":"https:\/\/api.w.org\/{rel}","templated":true}]}}