{"id":3384,"date":"2022-03-31T14:37:00","date_gmt":"2022-03-31T13:37:00","guid":{"rendered":"http:\/\/foastek.fr\/?p=3384"},"modified":"2023-04-15T18:14:18","modified_gmt":"2023-04-15T17:14:18","slug":"astek-les-negociations-avec-les-syndicats-sont-elles-une-priorite-pour-la-direction","status":"publish","type":"post","link":"https:\/\/foastek.fr\/?p=3384","title":{"rendered":"Les n\u00e9gociations avec les syndicats sont-elles une priorit\u00e9 pour la direction d&rsquo;Astek ?"},"content":{"rendered":"\n<p><strong><em><mark style=\"background-color:rgba(0, 0, 0, 0)\" class=\"has-inline-color has-vivid-red-color\">FO<\/mark> astek<\/em><\/strong> fait le constat d&rsquo;une forte d\u00e9gradation des n\u00e9gociations avec la direction depuis plusieurs mois :<\/p>\n\n\n\n<ul class=\"wp-block-list\"><li>Plusieurs th\u00e8mes de n\u00e9gociations report\u00e9s dont le handicap, l&rsquo;int\u00e9ressement et le droit syndical ;<\/li><li>Des n\u00e9gociations refus\u00e9es par la direction tels que sur la journ\u00e9e de solidarit\u00e9, la dur\u00e9e du temps de travail, des jours de cong\u00e9s suppl\u00e9mentaires, des primes &#8230; ;<\/li><li>R\u00e9unions de n\u00e9gociations annul\u00e9es (trois au cours du mois de mars) ;<\/li><li>Interlocuteurs de la direction n&rsquo;ayant pas le pouvoir pour s&rsquo;engager ;<\/li><li>&#8230;<\/li><\/ul>\n\n\n\n<p>L&rsquo;\u00e9quipe <strong><em><mark style=\"background-color:rgba(0, 0, 0, 0)\" class=\"has-inline-color has-vivid-red-color\">FO<\/mark> astek <\/em><\/strong>ne cesse de s&rsquo;investir sur tous les sujets depuis que le syndicat est devenu repr\u00e9sentatif en 2015. Ce travail a permis la mise en place de tous les accords sign\u00e9s depuis dans l&rsquo;entreprise.<\/p>\n\n\n\n<p>Malheureusement, la direction est de moins en moins au rendez-vous.<\/p>\n","protected":false},"excerpt":{"rendered":"<div class=\"mh-excerpt\"><p>FO astek fait le constat d&rsquo;une forte d\u00e9gradation des n\u00e9gociations avec la direction depuis plusieurs mois : Plusieurs th\u00e8mes de n\u00e9gociations report\u00e9s dont le handicap, <a class=\"mh-excerpt-more\" href=\"https:\/\/foastek.fr\/?p=3384\" title=\"Les n\u00e9gociations avec les syndicats sont-elles une priorit\u00e9 pour la direction d&rsquo;Astek ?\">[&#8230;]<\/a><\/p>\n<\/div>","protected":false},"author":1,"featured_media":0,"comment_status":"open","ping_status":"open","sticky":false,"template":"","format":"standard","meta":{"h5ap_radio_sources":[],"jetpack_post_was_ever_published":false,"_jetpack_newsletter_access":"","_jetpack_dont_email_post_to_subs":false,"_jetpack_newsletter_tier_id":0,"_jetpack_memberships_contains_paywalled_content":false,"_jetpack_memberships_contains_paid_content":false,"footnotes":"","jetpack_publicize_message":"","jetpack_publicize_feature_enabled":true,"jetpack_social_post_already_shared":true,"jetpack_social_options":{"image_generator_settings":{"template":"highway","default_image_id":0,"font":"","enabled":false},"version":2}},"categories":[2,256],"tags":[72],"class_list":["post-3384","post","type-post","status-publish","format-standard","hentry","category-accueil","category-astek","tag-negociations"],"jetpack_publicize_connections":[],"jetpack_featured_media_url":"","jetpack_sharing_enabled":true,"jetpack_shortlink":"https:\/\/wp.me\/p77E1E-SA","jetpack-related-posts":[],"_links":{"self":[{"href":"https:\/\/foastek.fr\/index.php?rest_route=\/wp\/v2\/posts\/3384","targetHints":{"allow":["GET"]}}],"collection":[{"href":"https:\/\/foastek.fr\/index.php?rest_route=\/wp\/v2\/posts"}],"about":[{"href":"https:\/\/foastek.fr\/index.php?rest_route=\/wp\/v2\/types\/post"}],"author":[{"embeddable":true,"href":"https:\/\/foastek.fr\/index.php?rest_route=\/wp\/v2\/users\/1"}],"replies":[{"embeddable":true,"href":"https:\/\/foastek.fr\/index.php?rest_route=%2Fwp%2Fv2%2Fcomments&post=3384"}],"version-history":[{"count":4,"href":"https:\/\/foastek.fr\/index.php?rest_route=\/wp\/v2\/posts\/3384\/revisions"}],"predecessor-version":[{"id":4064,"href":"https:\/\/foastek.fr\/index.php?rest_route=\/wp\/v2\/posts\/3384\/revisions\/4064"}],"wp:attachment":[{"href":"https:\/\/foastek.fr\/index.php?rest_route=%2Fwp%2Fv2%2Fmedia&parent=3384"}],"wp:term":[{"taxonomy":"category","embeddable":true,"href":"https:\/\/foastek.fr\/index.php?rest_route=%2Fwp%2Fv2%2Fcategories&post=3384"},{"taxonomy":"post_tag","embeddable":true,"href":"https:\/\/foastek.fr\/index.php?rest_route=%2Fwp%2Fv2%2Ftags&post=3384"}],"curies":[{"name":"wp","href":"https:\/\/api.w.org\/{rel}","templated":true}]}}