{"id":3391,"date":"2022-02-10T15:42:00","date_gmt":"2022-02-10T14:42:00","guid":{"rendered":"http:\/\/foastek.fr\/?p=3391"},"modified":"2023-04-15T18:16:20","modified_gmt":"2023-04-15T17:16:20","slug":"astek-negociations-2022-egalite-professionnelle-qvt","status":"publish","type":"post","link":"https:\/\/foastek.fr\/?p=3391","title":{"rendered":"N\u00e9gociations 2022 &#8211; Egalit\u00e9 Professionnelle &#038; QVT"},"content":{"rendered":"\n<p>L\u2019\u00e9quipe <strong><em><mark style=\"background-color:rgba(0, 0, 0, 0)\" class=\"has-inline-color has-vivid-red-color\">FO<\/mark> astek<\/em><\/strong> a propos\u00e9 de nombreuses revendications pour garantir l&rsquo;\u00e9galit\u00e9 professionnelle et une meilleure qualit\u00e9 de vie au travail.<\/p>\n\n\n\n<p>Consulter les <a href=\"http:\/\/foastek.fr\/wp-content\/uploads\/2022\/04\/20220210_RevendicationsFO_EgaliteProf_QVT.pdf\" target=\"_blank\" rel=\"noreferrer noopener\">revendications d\u00e9taill\u00e9es du 9 f\u00e9vrier 2022<\/a> (pdf, 2 pages, 139 Ko).<\/p>\n","protected":false},"excerpt":{"rendered":"<div class=\"mh-excerpt\"><p>L\u2019\u00e9quipe FO astek a propos\u00e9 de nombreuses revendications pour garantir l&rsquo;\u00e9galit\u00e9 professionnelle et une meilleure qualit\u00e9 de vie au travail. Consulter les revendications d\u00e9taill\u00e9es du <a class=\"mh-excerpt-more\" href=\"https:\/\/foastek.fr\/?p=3391\" title=\"N\u00e9gociations 2022 &#8211; Egalit\u00e9 Professionnelle &#038; QVT\">[&#8230;]<\/a><\/p>\n<\/div>","protected":false},"author":1,"featured_media":0,"comment_status":"open","ping_status":"open","sticky":false,"template":"","format":"standard","meta":{"h5ap_radio_sources":[],"jetpack_post_was_ever_published":false,"_jetpack_newsletter_access":"","_jetpack_dont_email_post_to_subs":false,"_jetpack_newsletter_tier_id":0,"_jetpack_memberships_contains_paywalled_content":false,"_jetpack_memberships_contains_paid_content":false,"footnotes":"","jetpack_publicize_message":"","jetpack_publicize_feature_enabled":true,"jetpack_social_post_already_shared":true,"jetpack_social_options":{"image_generator_settings":{"template":"highway","default_image_id":0,"font":"","enabled":false},"version":2}},"categories":[2,256,7],"tags":[41,72,209],"class_list":["post-3391","post","type-post","status-publish","format-standard","hentry","category-accueil","category-astek","category-negociations","tag-egalite-professionnelle","tag-negociations","tag-qvt"],"jetpack_publicize_connections":[],"jetpack_featured_media_url":"","jetpack_sharing_enabled":true,"jetpack_shortlink":"https:\/\/wp.me\/p77E1E-SH","jetpack-related-posts":[],"_links":{"self":[{"href":"https:\/\/foastek.fr\/index.php?rest_route=\/wp\/v2\/posts\/3391","targetHints":{"allow":["GET"]}}],"collection":[{"href":"https:\/\/foastek.fr\/index.php?rest_route=\/wp\/v2\/posts"}],"about":[{"href":"https:\/\/foastek.fr\/index.php?rest_route=\/wp\/v2\/types\/post"}],"author":[{"embeddable":true,"href":"https:\/\/foastek.fr\/index.php?rest_route=\/wp\/v2\/users\/1"}],"replies":[{"embeddable":true,"href":"https:\/\/foastek.fr\/index.php?rest_route=%2Fwp%2Fv2%2Fcomments&post=3391"}],"version-history":[{"count":3,"href":"https:\/\/foastek.fr\/index.php?rest_route=\/wp\/v2\/posts\/3391\/revisions"}],"predecessor-version":[{"id":4072,"href":"https:\/\/foastek.fr\/index.php?rest_route=\/wp\/v2\/posts\/3391\/revisions\/4072"}],"wp:attachment":[{"href":"https:\/\/foastek.fr\/index.php?rest_route=%2Fwp%2Fv2%2Fmedia&parent=3391"}],"wp:term":[{"taxonomy":"category","embeddable":true,"href":"https:\/\/foastek.fr\/index.php?rest_route=%2Fwp%2Fv2%2Fcategories&post=3391"},{"taxonomy":"post_tag","embeddable":true,"href":"https:\/\/foastek.fr\/index.php?rest_route=%2Fwp%2Fv2%2Ftags&post=3391"}],"curies":[{"name":"wp","href":"https:\/\/api.w.org\/{rel}","templated":true}]}}