{"id":3404,"date":"2022-05-05T18:00:00","date_gmt":"2022-05-05T17:00:00","guid":{"rendered":"http:\/\/foastek.fr\/?p=3404"},"modified":"2023-04-15T21:44:18","modified_gmt":"2023-04-15T20:44:18","slug":"vos-droits-retraite-progressive-pour-les-salaries-au-forfait-jour","status":"publish","type":"post","link":"https:\/\/foastek.fr\/?p=3404","title":{"rendered":"Retraite progressive pour les salari\u00e9s au forfait jour"},"content":{"rendered":"\n<p>De nouvelles cat\u00e9gories de salari\u00e9s, notamment ceux qui sont au \u00ab\u00a0forfait jour\u00a0\u00bb, vont pouvoir b\u00e9n\u00e9ficier de la retraite progressive. Un syst\u00e8me qui peut \u00eatre tr\u00e8s int\u00e9ressant, surtout si l\u2019\u00e2ge de d\u00e9part \u00e0 la retraite est repouss\u00e9.<\/p>\n\n\n\n<p>C\u2019\u00e9tait un injustice, relev\u00e9e par le Conseil constitutionnel, une rupture d\u2019\u00e9galit\u00e9, qui restait pourtant lettre morte. Certains salari\u00e9s ne pouvaient b\u00e9n\u00e9ficier du syst\u00e8me de <a href=\"https:\/\/www.francetvinfo.fr\/economie\/retraite\/reforme-des-retraites\/reforme-des-retraites-on-vous-explique-la-retraite-progressive-ce-dispositif-meconnu-qui-permet-de-lever-le-pied-en-fin-de-carriere_3792831.html\">la retraite progressive<\/a>. Il s\u2019agissait essentiellement des cadres en forfait jour, c\u2019est \u00e0 dire ceux dont le temps de travail n\u2019est pas compt\u00e9 en heures, mais en jours dans l\u2019ann\u00e9e.<\/p>\n\n\n\n<p><a href=\"https:\/\/www.francetvinfo.fr\/replay-radio\/c-est-mon-boulot\/ce-qu-il-faut-savoir-sur-la-retraite-progressive_5092666.html\">Lire la suite<\/a><\/p>\n","protected":false},"excerpt":{"rendered":"<div class=\"mh-excerpt\"><p>De nouvelles cat\u00e9gories de salari\u00e9s, notamment ceux qui sont au \u00ab\u00a0forfait jour\u00a0\u00bb, vont pouvoir b\u00e9n\u00e9ficier de la retraite progressive. Un syst\u00e8me qui peut \u00eatre tr\u00e8s <a class=\"mh-excerpt-more\" href=\"https:\/\/foastek.fr\/?p=3404\" title=\"Retraite progressive pour les salari\u00e9s au forfait jour\">[&#8230;]<\/a><\/p>\n<\/div>","protected":false},"author":1,"featured_media":0,"comment_status":"open","ping_status":"open","sticky":false,"template":"","format":"standard","meta":{"h5ap_radio_sources":[],"jetpack_post_was_ever_published":false,"_jetpack_newsletter_access":"","_jetpack_dont_email_post_to_subs":false,"_jetpack_newsletter_tier_id":0,"_jetpack_memberships_contains_paywalled_content":false,"_jetpack_memberships_contains_paid_content":false,"footnotes":"","jetpack_publicize_message":"","jetpack_publicize_feature_enabled":true,"jetpack_social_post_already_shared":true,"jetpack_social_options":{"image_generator_settings":{"template":"highway","default_image_id":0,"font":"","enabled":false},"version":2}},"categories":[2,10],"tags":[],"class_list":["post-3404","post","type-post","status-publish","format-standard","hentry","category-accueil","category-vos-droits"],"jetpack_publicize_connections":[],"jetpack_featured_media_url":"","jetpack_sharing_enabled":true,"jetpack_shortlink":"https:\/\/wp.me\/p77E1E-SU","jetpack-related-posts":[],"_links":{"self":[{"href":"https:\/\/foastek.fr\/index.php?rest_route=\/wp\/v2\/posts\/3404","targetHints":{"allow":["GET"]}}],"collection":[{"href":"https:\/\/foastek.fr\/index.php?rest_route=\/wp\/v2\/posts"}],"about":[{"href":"https:\/\/foastek.fr\/index.php?rest_route=\/wp\/v2\/types\/post"}],"author":[{"embeddable":true,"href":"https:\/\/foastek.fr\/index.php?rest_route=\/wp\/v2\/users\/1"}],"replies":[{"embeddable":true,"href":"https:\/\/foastek.fr\/index.php?rest_route=%2Fwp%2Fv2%2Fcomments&post=3404"}],"version-history":[{"count":2,"href":"https:\/\/foastek.fr\/index.php?rest_route=\/wp\/v2\/posts\/3404\/revisions"}],"predecessor-version":[{"id":4300,"href":"https:\/\/foastek.fr\/index.php?rest_route=\/wp\/v2\/posts\/3404\/revisions\/4300"}],"wp:attachment":[{"href":"https:\/\/foastek.fr\/index.php?rest_route=%2Fwp%2Fv2%2Fmedia&parent=3404"}],"wp:term":[{"taxonomy":"category","embeddable":true,"href":"https:\/\/foastek.fr\/index.php?rest_route=%2Fwp%2Fv2%2Fcategories&post=3404"},{"taxonomy":"post_tag","embeddable":true,"href":"https:\/\/foastek.fr\/index.php?rest_route=%2Fwp%2Fv2%2Ftags&post=3404"}],"curies":[{"name":"wp","href":"https:\/\/api.w.org\/{rel}","templated":true}]}}