{"id":3432,"date":"2022-06-07T08:07:00","date_gmt":"2022-06-07T07:07:00","guid":{"rendered":"http:\/\/foastek.fr\/?p=3432"},"modified":"2022-06-17T14:45:29","modified_gmt":"2022-06-17T13:45:29","slug":"vos-droits-nullite-du-licenciement-du-salarie-qui-temoigne-en-justice","status":"publish","type":"post","link":"https:\/\/foastek.fr\/?p=3432","title":{"rendered":"Nullit\u00e9 du licenciement du salari\u00e9 qui t\u00e9moigne en justice"},"content":{"rendered":"\n<p>Le licenciement d\u2019un salari\u00e9 fond\u00e9 sur le contenu d\u2019une attestation d\u00e9livr\u00e9e dans le cadre d\u2019une action en justice est nul, sauf en cas de mauvaise foi de celui-ci. Et la mauvaise foi r\u00e9pond \u00e0 une d\u00e9finition bien pr\u00e9cise, ainsi que le rappelle la Cour de cassation.<\/p>\n\n\n\n<p><strong><u>Deux salari\u00e9s demandent la nullit\u00e9 de leur licenciement li\u00e9 \u00e0 un t\u00e9moignage en faveur d\u2019un mineur ayant agress\u00e9 un coll\u00e8gue<\/u><\/strong><\/p>\n\n\n\n<p>Dans cette affaire, deux salari\u00e9s d\u2019une entreprise de s\u00e9curit\u00e9 op\u00e9rant dans la Cit\u00e9 judiciaire de Dijon ont \u00e9t\u00e9 licenci\u00e9s, pour avoir notamment manqu\u00e9 \u00e0 leur obligation de loyaut\u00e9.<\/p>\n\n\n\n<p>Leur employeur leur reprochait d\u2019avoir d\u00e9livr\u00e9 une attestation de moralit\u00e9 \u00e0 un mineur condamn\u00e9 pour des faits de violence commis sur un de leurs coll\u00e8gues \u00e0 la Cit\u00e9 judiciaire de Dijon, dans le cadre de l\u2019appel form\u00e9 par ce mineur, et ce quelques jours avant l&rsquo;audience d&rsquo;appel.<\/p>\n\n\n\n<p>Il faut pr\u00e9ciser que ce coll\u00e8gue victime et la soci\u00e9t\u00e9 s\u2019\u00e9taient port\u00e9s parties civiles au proc\u00e8s p\u00e9nal.<\/p>\n\n\n\n<p>Dans leurs attestations, les salari\u00e9s identifiaient le mineur inscrit dans la proc\u00e9dure p\u00e9nale et certifiaient qu&rsquo;ils n&rsquo;avaient jamais eu avec lui de difficult\u00e9s dans le cadre professionnel lors de ses passages \u00e0 la Cit\u00e9 Judiciaire de Dijon.<\/p>\n\n\n\n<p>Les salari\u00e9s ont saisi la justice pour obtenir la nullit\u00e9 de leur licenciement. Ils arguaient que celui-ci portait atteinte \u00e0 leur libert\u00e9 fondamentale de t\u00e9moigner.<\/p>\n\n\n\n<!--more-->\n\n\n\n<p><strong><u>Un usage abusif de la libert\u00e9 de t\u00e9moigner pour la cour d\u2019appel<\/u><\/strong><\/p>\n\n\n\n<p>La cour d\u2018appel a consid\u00e9r\u00e9 que les deux salari\u00e9s, en t\u00e9moignant, dans le cadre d&rsquo;une initiative conjointe et concert\u00e9e, avaient cherch\u00e9 \u00e0 d\u00e9stabiliser la d\u00e9fense de leur coll\u00e8gue, auquel ils \u00e9taient hostiles, et celle leur employeur, qui venait de les mettre en garde dans des termes \u00e9vocateurs d&rsquo;une rupture de confiance.<\/p>\n\n\n\n<p>Les juges d\u2019appel ont en effet relev\u00e9 que les deux salari\u00e9s avaient cherch\u00e9, en 2013, \u00e0 faire perdre son emploi \u00e0 leur coll\u00e8gue en lui reprochant d&rsquo;\u00eatre \u00ab&nbsp;<em>arabe<\/em>&nbsp;\u00bb et lui avaient demand\u00e9 d&rsquo;agir avec eux pour faire perdre un march\u00e9 de gardiennage \u00e0 leur employeur, dont le responsable ne leur plaisait pas en raison de son origine \u00ab&nbsp;<em>camerounaise<\/em>&nbsp;\u00bb.<\/p>\n\n\n\n<p>Selon eux, les t\u00e9moignages ne pouvaient avoir aucun int\u00e9r\u00eat pour la manifestation de la v\u00e9rit\u00e9 et les salari\u00e9s \u00e9taient \u00ab&nbsp;loin de vouloir apporter de bonne foi leur concours \u00e0 la justice&nbsp;\u00bb.<\/p>\n\n\n\n<p>La cour d\u2019appel a alors estim\u00e9 que, par cette attitude empreinte de mauvaise foi, les salari\u00e9s avaient fait un usage abusif de leur libert\u00e9 de t\u00e9moigner en justice. En cons\u00e9quence, le reproche de d\u00e9loyaut\u00e9 \u00e9mis par leur employeur n\u2019\u00e9tait pas constitutif d&rsquo;une atteinte \u00e0 une libert\u00e9 fondamentale.<\/p>\n\n\n\n<p>La cour d\u2019appel juge donc le licenciement des salari\u00e9s justifi\u00e9.<\/p>\n\n\n\n<p>\u00c0 tort, puisque la Cour de cassation casse l\u2019arr\u00eat.<\/p>\n\n\n\n<p><strong><u>Sans mauvaise foi caract\u00e9ris\u00e9e par la connaissance de la fausset\u00e9 des faits relat\u00e9s, le licenciement est nul<\/u><\/strong><\/p>\n\n\n\n<p>La Cour de cassation rappelle que la libert\u00e9 de t\u00e9moigner est une libert\u00e9 fondamentale garantie par l&rsquo;article&nbsp;6 de la Convention de sauvegarde des droits de l&rsquo;homme et des libert\u00e9s fondamentales.<\/p>\n\n\n\n<p>Elle rappelle \u00e9galement que le licenciement prononc\u00e9 en raison du contenu d&rsquo;une attestation d\u00e9livr\u00e9e par un salari\u00e9 dans le cadre d&rsquo;une instance judiciaire est atteint de nullit\u00e9, sauf en cas de mauvaise foi de son auteur (cass. soc. 29 octobre 2013, n\u00b0 <a target=\"_blank\" href=\"https:\/\/rfsocial.grouperf.com\/lien_spad\/?base=JURI&amp;orig=REVUE_RF_FH&amp;juridiction=CASS&amp;chambre=SOC.&amp;numero=12-22447&amp;sp=\/juri\/cass\/global\/sociale\/JURI\/TEXT\/00\/00\/28\/14\/76\/JURITEXT000028147669.xml&amp;date=2013-10-29\" rel=\"noreferrer noopener\">12-22447<\/a>, BC V n\u00b0 252).<\/p>\n\n\n\n<p>Pour m\u00e9moire, la mauvaise foi n\u2019est caract\u00e9ris\u00e9e que s\u2019il est d\u00e9montr\u00e9 que le salari\u00e9 avait connaissance de la fausset\u00e9 des faits rapport\u00e9s (cass. soc. 8 juillet 2020 n\u00b0 <a target=\"_blank\" href=\"https:\/\/rfsocial.grouperf.com\/lien_spad\/?base=JURI&amp;orig=REVUE_RF_FH&amp;juridiction=CASS&amp;chambre=SOC.&amp;numero=18-13593&amp;sp=\/juri\/cass\/global\/sociale\/JURI\/TEXT\/00\/00\/42\/12\/80\/JURITEXT000042128061.xml&amp;date=2020-07-08\" rel=\"noreferrer noopener\">18-13593<\/a> FSPB ; cass. soc. 13 janvier 2021 n\u00b0 <a target=\"_blank\" href=\"https:\/\/rfsocial.grouperf.com\/lien_spad\/?base=JURI&amp;orig=REVUE_RF_FH&amp;juridiction=CASS&amp;chambre=SOC.&amp;numero=19-21138&amp;sp=\/juri\/cass\/global\/sociale\/JURI\/TEXT\/00\/00\/43\/04\/59\/JURITEXT000043045936.xml&amp;date=2021-01-13\" rel=\"noreferrer noopener\">19-21138<\/a> FPB).<\/p>\n\n\n\n<p>Or, en l\u2019esp\u00e8ce, la cour d\u2019appel n\u2019a pas caract\u00e9ris\u00e9 la connaissance par les salari\u00e9s de la fausset\u00e9 des faits relat\u00e9s.<\/p>\n\n\n\n<p>Par cons\u00e9quent, la mauvaise foi des salari\u00e9s n\u2019\u00e9tait pas \u00e9tablie. Et en l\u2019absence de mauvaise foi \u00e9tablie, la cour d\u2019appel ne pouvait pas refuser d\u2018annuler le licenciement des salari\u00e9s.<\/p>\n\n\n\n<p>L\u2019affaire sera rejug\u00e9e devant une autre cour d\u2018appel.<\/p>\n\n\n\n<p>Cass. soc. 18 mai 2022, n\u00b0 <a target=\"_blank\" href=\"https:\/\/rfsocial.grouperf.com\/lien_spad\/?base=JURI&amp;orig=REVUE_RF_FH&amp;juridiction=CASS&amp;chambre=SOC.&amp;numero=20-14783&amp;sp=\/juri\/inca\/global\/sociale\/JURI\/TEXT\/00\/00\/45\/83\/65\/JURITEXT000045836510.xml&amp;date=2022-05-18\" rel=\"noreferrer noopener\">20-14783<\/a> et <a target=\"_blank\" href=\"https:\/\/rfsocial.grouperf.com\/lien_spad\/?base=JURI&amp;orig=REVUE_RF_FH&amp;juridiction=CASS&amp;chambre=SOC.&amp;numero=20-14842&amp;sp=\/juri\/inca\/global\/sociale\/JURI\/TEXT\/00\/00\/45\/83\/65\/JURITEXT000045836510.xml&amp;date=2022-05-18\" rel=\"noreferrer noopener\">20-14842<\/a> D<\/p>\n","protected":false},"excerpt":{"rendered":"<div class=\"mh-excerpt\"><p>Le licenciement d\u2019un salari\u00e9 fond\u00e9 sur le contenu d\u2019une attestation d\u00e9livr\u00e9e dans le cadre d\u2019une action en justice est nul, sauf en cas de mauvaise <a class=\"mh-excerpt-more\" href=\"https:\/\/foastek.fr\/?p=3432\" title=\"Nullit\u00e9 du licenciement du salari\u00e9 qui t\u00e9moigne en justice\">[&#8230;]<\/a><\/p>\n<\/div>","protected":false},"author":1,"featured_media":0,"comment_status":"open","ping_status":"open","sticky":false,"template":"","format":"standard","meta":{"h5ap_radio_sources":[],"jetpack_post_was_ever_published":false,"_jetpack_newsletter_access":"","_jetpack_dont_email_post_to_subs":false,"_jetpack_newsletter_tier_id":0,"_jetpack_memberships_contains_paywalled_content":false,"_jetpack_memberships_contains_paid_content":false,"footnotes":"","jetpack_publicize_message":"","jetpack_publicize_feature_enabled":true,"jetpack_social_post_already_shared":true,"jetpack_social_options":{"image_generator_settings":{"template":"highway","default_image_id":0,"font":"","enabled":false},"version":2}},"categories":[2,10],"tags":[170,149,22],"class_list":["post-3432","post","type-post","status-publish","format-standard","hentry","category-accueil","category-vos-droits","tag-cassation","tag-justice","tag-licenciement"],"jetpack_publicize_connections":[],"jetpack_featured_media_url":"","jetpack_sharing_enabled":true,"jetpack_shortlink":"https:\/\/wp.me\/p77E1E-Tm","jetpack-related-posts":[],"_links":{"self":[{"href":"https:\/\/foastek.fr\/index.php?rest_route=\/wp\/v2\/posts\/3432","targetHints":{"allow":["GET"]}}],"collection":[{"href":"https:\/\/foastek.fr\/index.php?rest_route=\/wp\/v2\/posts"}],"about":[{"href":"https:\/\/foastek.fr\/index.php?rest_route=\/wp\/v2\/types\/post"}],"author":[{"embeddable":true,"href":"https:\/\/foastek.fr\/index.php?rest_route=\/wp\/v2\/users\/1"}],"replies":[{"embeddable":true,"href":"https:\/\/foastek.fr\/index.php?rest_route=%2Fwp%2Fv2%2Fcomments&post=3432"}],"version-history":[{"count":3,"href":"https:\/\/foastek.fr\/index.php?rest_route=\/wp\/v2\/posts\/3432\/revisions"}],"predecessor-version":[{"id":3479,"href":"https:\/\/foastek.fr\/index.php?rest_route=\/wp\/v2\/posts\/3432\/revisions\/3479"}],"wp:attachment":[{"href":"https:\/\/foastek.fr\/index.php?rest_route=%2Fwp%2Fv2%2Fmedia&parent=3432"}],"wp:term":[{"taxonomy":"category","embeddable":true,"href":"https:\/\/foastek.fr\/index.php?rest_route=%2Fwp%2Fv2%2Fcategories&post=3432"},{"taxonomy":"post_tag","embeddable":true,"href":"https:\/\/foastek.fr\/index.php?rest_route=%2Fwp%2Fv2%2Ftags&post=3432"}],"curies":[{"name":"wp","href":"https:\/\/api.w.org\/{rel}","templated":true}]}}