{"id":3459,"date":"2022-03-03T12:26:00","date_gmt":"2022-03-03T11:26:00","guid":{"rendered":"http:\/\/foastek.fr\/?p=3459"},"modified":"2023-04-15T21:43:23","modified_gmt":"2023-04-15T20:43:23","slug":"vos-droits-un-salarie-ne-peut-pas-etre-licencie-pour-des-faits-deja-sanctionnes","status":"publish","type":"post","link":"https:\/\/foastek.fr\/?p=3459","title":{"rendered":"Un salari\u00e9 ne peut pas \u00eatre licenci\u00e9 pour des faits d\u00e9j\u00e0 sanctionn\u00e9s"},"content":{"rendered":"\n<p>Un compte rendu d\u2019entretien d\u2019\u00e9valuation, dans lequel des griefs pr\u00e9cis sont formul\u00e9s \u00e0 l\u2019encontre du salari\u00e9 avec la demande qu\u2019il y rem\u00e9die sans d\u00e9lai, vaut avertissement. Les m\u00eames faits ne peuvent donc pas donner lieu ensuite \u00e0 un licenciement.<\/p>\n\n\n\n<p><strong><u>Un salari\u00e9 licenci\u00e9 pour des motifs \u00e9voqu\u00e9s dans son entretien d\u2019\u00e9valuation<\/u><\/strong><\/p>\n\n\n\n<p>Dans un compte rendu d\u2019entretien d\u2019\u00e9valuation s\u2019\u00e9tant tenu le 9&nbsp;f\u00e9vrier 2017, l\u2019employeur, un office public de l\u2019habitat, reprochait au salari\u00e9 son attitude dure et ferm\u00e9e aux changements, \u00e0 l&rsquo;origine d&rsquo;une plainte de collaborateurs en souffrance, des dysfonctionnements graves li\u00e9s \u00e0 la s\u00e9curit\u00e9 \u00e9lectrique et le non-respect des normes r\u00e9glementaires. Il l&rsquo;invitait ensuite, sans d\u00e9lai, \u00e0 un changement complet et total.<\/p>\n\n\n\n<p>Le 30&nbsp;mars 2017, ce m\u00eame salari\u00e9 \u00e9tait licenci\u00e9 pour faute grave pour les motifs suivants :<\/p>\n\n\n\n<p>-taux \u00e9lev\u00e9 de d\u00e9fauts \u00e9lectriques,<\/p>\n\n\n\n<p>-absence fr\u00e9quente sur les sites de contr\u00f4le,<\/p>\n\n\n\n<p>-dissimulation volontaire de ces difficult\u00e9s,<\/p>\n\n\n\n<p>-d\u00e9faut de respect des process en vigueur,<\/p>\n\n\n\n<p>-\u00e9carts de comportement avec des coll\u00e8gues ou subordonn\u00e9s.<\/p>\n\n\n\n<p>Le salari\u00e9 a contest\u00e9 son licenciement en soutenant que l\u2019employeur l\u2019avait d\u00e9j\u00e0 sanctionn\u00e9 pour ces faits par un avertissement formul\u00e9 dans le compte rendu d\u2019entretien d\u2019\u00e9valuation.<\/p>\n\n\n\n<p>Les juges ont abond\u00e9 dans son sens.<\/p>\n\n\n\n<p><strong><u>L\u2019employeur ne peut prendre qu\u2019une seule sanction pour une m\u00eame faute<\/u><\/strong><\/p>\n\n\n\n<!--more-->\n\n\n\n<p>Les m\u00eames faits ne peuvent pas faire l\u2019objet de plusieurs sanctions \u00e0 l\u2019\u00e9gard du m\u00eame salari\u00e9. En l\u2019absence de fait nouveau, l\u2019employeur ne peut, par exemple, invoquer un fait d\u00e9j\u00e0 sanctionn\u00e9 par un avertissement ou une mise \u00e0 pied disciplinaire pour justifier le licenciement du salari\u00e9 (cass. soc. 18 f\u00e9vrier 2004, n\u00b0 <a rel=\"noreferrer noopener\" href=\"https:\/\/rfsocial.grouperf.com\/lien_spad\/?base=JURI&amp;orig=REVUE_RF_FH&amp;juridiction=CASS&amp;chambre=SOC.&amp;numero=02-41622&amp;sp=\/juri\/cass\/global\/sociale\/JURI\/TEXT\/00\/00\/07\/04\/93\/JURITEXT000007049327.xml&amp;date=2004-02-18\" target=\"_blank\">02-41622<\/a>, BC V n\u00b0 54 ; cass. soc. 14 novembre 2013, n\u00b0 <a rel=\"noreferrer noopener\" href=\"https:\/\/rfsocial.grouperf.com\/lien_spad\/?base=JURI&amp;orig=REVUE_RF_FH&amp;juridiction=CASS&amp;chambre=SOC.&amp;numero=12-21113&amp;sp=\/juri\/inca\/global\/sociale\/JURI\/TEXT\/00\/00\/28\/21\/02\/JURITEXT000028210206.xml&amp;date=2013-11-14\" target=\"_blank\">12-21113<\/a> D).<\/p>\n\n\n\n<p>Ainsi, dans cette affaire, toute la question \u00e9tait de savoir si le compte rendu d\u2019entretien d\u2019\u00e9valuation constituait ou non une premi\u00e8re sanction disciplinaire. Si oui, le licenciement fond\u00e9 essentiellement sur les m\u00eames faits \u00e9tait donc sans cause r\u00e9elle et s\u00e9rieuse.<\/p>\n\n\n\n<p><strong><u>Le compte rendu d\u2019entretien d\u2019\u00e9valuation valait avertissement et excluait un licenciement pour les m\u00eames faits<\/u><\/strong><\/p>\n\n\n\n<p>Toute mesure, autre que les observations verbales, prise par l\u2019employeur \u00e0 la suite d\u2019un agissement du salari\u00e9 qu\u2019il consid\u00e8re comme fautif est une sanction disciplinaire (c. trav. <a target=\"_blank\" href=\"https:\/\/rfsocial.grouperf.com\/lien_spad\/?base=LEGI&amp;orig=REVUE_RF_FH&amp;code=LEGITEXT000006072050&amp;numero=L1331-1&amp;idspad=LEGIARTI000006901445\" rel=\"noreferrer noopener\">art. L. 1331-1<\/a>).<\/p>\n\n\n\n<p>L\u2019avertissement, qui est souvent la sanction disciplinaire la plus \u00ab l\u00e9g\u00e8re \u00bb, implique en principe uniquement la notification de la sanction, avec l\u2019indication du ou des motifs de cette derni\u00e8re. Il se distingue des autres sanctions (mis \u00e0 pied, mutation, r\u00e9trogradation, licenciement\u2026) qui ont une incidence, imm\u00e9diate ou non, sur la pr\u00e9sence dans l\u2019entreprise, la fonction, la carri\u00e8re ou la r\u00e9mun\u00e9ration du salari\u00e9 et qui, \u00e0 ce titre, n\u00e9cessitent de respecter la proc\u00e9dure disciplinaire, avec notamment la convocation \u00e0 un entretien pr\u00e9alable (c. trav. <a target=\"_blank\" href=\"https:\/\/rfsocial.grouperf.com\/lien_spad\/?base=LEGI&amp;orig=REVUE_RF_FH&amp;code=LEGITEXT000006072050&amp;numero=L1332-1&amp;idspad=LEGIARTI000006901447\" rel=\"noreferrer noopener\">art. L. 1332-1<\/a> et <a target=\"_blank\" href=\"https:\/\/rfsocial.grouperf.com\/lien_spad\/?base=LEGI&amp;orig=REVUE_RF_FH&amp;code=LEGITEXT000006072050&amp;numero=L1332-2&amp;idspad=LEGIARTI000025560074\" rel=\"noreferrer noopener\">L. 1332-2<\/a>).<\/p>\n\n\n\n<p>De ce fait, une remarque de l\u2019employeur, selon sa formulation, peut vite \u00eatre qualifi\u00e9e en avertissement par les juges. C\u2019est, par exemple, le cas d\u2019un courrier reprochant \u00e0 un salari\u00e9 certains manquements et l\u2019invitant y rem\u00e9dier dans les plus brefs d\u00e9lais (cass. soc. 6 mars 2007, n\u00b0 <a target=\"_blank\" href=\"https:\/\/rfsocial.grouperf.com\/lien_spad\/?base=JURI&amp;orig=REVUE_RF_FH&amp;juridiction=CASS&amp;chambre=SOC.&amp;numero=05-43698&amp;sp=\/juri\/inca\/global\/sociale\/JURI\/TEXT\/00\/00\/07\/52\/95\/JURITEXT000007529551.xml&amp;date=2007-03-06\" rel=\"noreferrer noopener\">05-43698<\/a> D).<\/p>\n\n\n\n<p>Dans l\u2019affaire qui nous int\u00e9resse, la Cour de cassation a suivi les juges du fond en consid\u00e9rant que le compte rendu d\u2019entretien d\u2019\u00e9valuation du salari\u00e9 contenant des griefs pr\u00e9cis sanctionnait bien un comportement consid\u00e9r\u00e9 comme fautif et constituait donc un avertissement. De ce fait, les m\u00eames faits ne pouvaient plus justifier un licenciement ult\u00e9rieur.<\/p>\n\n\n\n<p>Le licenciement du salari\u00e9, fond\u00e9 sur les m\u00eames faits que ceux qui \u00e9taient reproch\u00e9s dans le compte rendu d\u2019entretien d\u2019\u00e9valuation, \u00e9tait donc sans cause r\u00e9elle et s\u00e9rieuse.<\/p>\n\n\n\n<p>Cette d\u00e9cision est l\u2019occasion de rappeler que l\u2019employeur qui envisage de sanctionner un salari\u00e9 doit au pr\u00e9alable passer en revue les comptes rendus d\u2019entretien qui ont pu \u00eatre r\u00e9dig\u00e9s, afin de s\u2019assurer qu\u2019ils ne rev\u00eatent aucune connotation disciplinaire.<\/p>\n\n\n\n<p>Cass. soc. 2 f\u00e9vrier 2022, n\u00b0 <a target=\"_blank\" href=\"https:\/\/rfsocial.grouperf.com\/lien_spad\/?base=JURI&amp;orig=REVUE_RF_FH&amp;juridiction=CASS&amp;chambre=SOC.&amp;numero=20-13833&amp;sp=\/juri\/inca\/global\/sociale\/JURI\/TEXT\/00\/00\/45\/13\/34\/JURITEXT000045133489.xml&amp;date=2022-02-02\" rel=\"noreferrer noopener\">20-13833<\/a> D<\/p>\n","protected":false},"excerpt":{"rendered":"<div class=\"mh-excerpt\"><p>Un compte rendu d\u2019entretien d\u2019\u00e9valuation, dans lequel des griefs pr\u00e9cis sont formul\u00e9s \u00e0 l\u2019encontre du salari\u00e9 avec la demande qu\u2019il y rem\u00e9die sans d\u00e9lai, vaut <a class=\"mh-excerpt-more\" href=\"https:\/\/foastek.fr\/?p=3459\" title=\"Un salari\u00e9 ne peut pas \u00eatre licenci\u00e9 pour des faits d\u00e9j\u00e0 sanctionn\u00e9s\">[&#8230;]<\/a><\/p>\n<\/div>","protected":false},"author":1,"featured_media":0,"comment_status":"open","ping_status":"open","sticky":false,"template":"","format":"standard","meta":{"h5ap_radio_sources":[],"jetpack_post_was_ever_published":false,"_jetpack_newsletter_access":"","_jetpack_dont_email_post_to_subs":false,"_jetpack_newsletter_tier_id":0,"_jetpack_memberships_contains_paywalled_content":false,"_jetpack_memberships_contains_paid_content":false,"footnotes":"","jetpack_publicize_message":"","jetpack_publicize_feature_enabled":true,"jetpack_social_post_already_shared":true,"jetpack_social_options":{"image_generator_settings":{"template":"highway","default_image_id":0,"font":"","enabled":false},"version":2}},"categories":[2,10],"tags":[170,149,22,278],"class_list":["post-3459","post","type-post","status-publish","format-standard","hentry","category-accueil","category-vos-droits","tag-cassation","tag-justice","tag-licenciement","tag-santion-disciplinaire"],"jetpack_publicize_connections":[],"jetpack_featured_media_url":"","jetpack_sharing_enabled":true,"jetpack_shortlink":"https:\/\/wp.me\/p77E1E-TN","jetpack-related-posts":[],"_links":{"self":[{"href":"https:\/\/foastek.fr\/index.php?rest_route=\/wp\/v2\/posts\/3459","targetHints":{"allow":["GET"]}}],"collection":[{"href":"https:\/\/foastek.fr\/index.php?rest_route=\/wp\/v2\/posts"}],"about":[{"href":"https:\/\/foastek.fr\/index.php?rest_route=\/wp\/v2\/types\/post"}],"author":[{"embeddable":true,"href":"https:\/\/foastek.fr\/index.php?rest_route=\/wp\/v2\/users\/1"}],"replies":[{"embeddable":true,"href":"https:\/\/foastek.fr\/index.php?rest_route=%2Fwp%2Fv2%2Fcomments&post=3459"}],"version-history":[{"count":2,"href":"https:\/\/foastek.fr\/index.php?rest_route=\/wp\/v2\/posts\/3459\/revisions"}],"predecessor-version":[{"id":4291,"href":"https:\/\/foastek.fr\/index.php?rest_route=\/wp\/v2\/posts\/3459\/revisions\/4291"}],"wp:attachment":[{"href":"https:\/\/foastek.fr\/index.php?rest_route=%2Fwp%2Fv2%2Fmedia&parent=3459"}],"wp:term":[{"taxonomy":"category","embeddable":true,"href":"https:\/\/foastek.fr\/index.php?rest_route=%2Fwp%2Fv2%2Fcategories&post=3459"},{"taxonomy":"post_tag","embeddable":true,"href":"https:\/\/foastek.fr\/index.php?rest_route=%2Fwp%2Fv2%2Ftags&post=3459"}],"curies":[{"name":"wp","href":"https:\/\/api.w.org\/{rel}","templated":true}]}}