{"id":3461,"date":"2022-05-30T12:29:00","date_gmt":"2022-05-30T11:29:00","guid":{"rendered":"http:\/\/foastek.fr\/?p=3461"},"modified":"2023-04-15T21:46:30","modified_gmt":"2023-04-15T20:46:30","slug":"vos-droits-latteinte-au-droit-a-limage-doit-etre-reparee-meme-sans-prejudice-demontre","status":"publish","type":"post","link":"https:\/\/foastek.fr\/?p=3461","title":{"rendered":"L&rsquo;atteinte au droit \u00e0 l&rsquo;image doit \u00eatre r\u00e9par\u00e9e m\u00eame sans pr\u00e9judice d\u00e9montr\u00e9"},"content":{"rendered":"\n<p>Le salari\u00e9 dont le droit \u00e0 l\u2019image n\u2019a pas \u00e9t\u00e9 respect\u00e9 par l\u2019employeur a droit \u00e0 une r\u00e9paration sans avoir \u00e0 d\u00e9montrer l\u2019existence d\u2019un pr\u00e9judice.<\/p>\n\n\n\n<p><strong><u>Des photographies sur le site internet de la soci\u00e9t\u00e9<\/u><\/strong><\/p>\n\n\n\n<p>Dans cette affaire, les salari\u00e9s avaient \u00e9t\u00e9 photographi\u00e9s avec l&rsquo;ensemble de l&rsquo;\u00e9quipe pour appara\u00eetre sur le site internet de la soci\u00e9t\u00e9.<\/p>\n\n\n\n<p>Ils avaient ensuite quitt\u00e9 la soci\u00e9t\u00e9 en mars&nbsp;2014 dans le cadre d&rsquo;une proc\u00e9dure de licenciement pour motif \u00e9conomique.<\/p>\n\n\n\n<p>Ils avaient saisi le conseil de prud\u2019hommes de diverses demandes au titre de l&rsquo;ex\u00e9cution et de la rupture du contrat de travail, dont une demande de dommages-int\u00e9r\u00eats pour atteinte \u00e0 leur droit \u00e0 l\u2019image qui permet \u00e0 chacun de s&rsquo;opposer \u00e0 la publication de son image.<\/p>\n\n\n\n<p>Les salari\u00e9s avaient en effet demand\u00e9 \u00e0 la soci\u00e9t\u00e9 de retirer la photographie du site par courrier du 27&nbsp;juillet 2015, en vain. Ce n\u2019est que lors de la communication des conclusions de premi\u00e8re instance o\u00f9 ils reformulaient cette demande que la photo avait \u00e9t\u00e9 retir\u00e9e.<\/p>\n\n\n\n<p><strong><u>Respect du droit \u00e0 l\u2019image des salari\u00e9s<\/u><\/strong><\/p>\n\n\n\n<!--more-->\n\n\n\n<p>Le droit \u00e0 l\u2019image est un droit rattach\u00e9 au droit au respect de la vie priv\u00e9e (c. civ. <a rel=\"noreferrer noopener\" href=\"https:\/\/rfsocial.grouperf.com\/lien_spad\/?base=LEGI&amp;orig=REVUE_RF_FH&amp;code=LEGITEXT000006070721&amp;numero=9&amp;idspad=LEGIARTI000006419288\" target=\"_blank\">art. 9<\/a>). Les salari\u00e9s conservent leur droit \u00e0 l\u2019image au sein de l\u2019entreprise. De ce fait, l\u2019employeur ne peut la capter et la diffuser sans leur consentement pr\u00e9alable.<\/p>\n\n\n\n<p>Si l&#8217;employeur utilise cette image sans le consentement du salari\u00e9 ou alors que ce dernier s\u2019y oppose, une action en justice est possible pour obtenir des dommages et int\u00e9r\u00eats. Mais dans ce cas, le salari\u00e9 doit-il rapporter la preuve qu\u2019il a effectivement subi un pr\u00e9judice ou ce pr\u00e9judice est-il automatique&nbsp;?<\/p>\n\n\n\n<p><strong><u>La r\u00e9paration pour atteinte au droit \u00e0 l\u2019image en balance<\/u><\/strong><\/p>\n\n\n\n<p>Dans cette affaire, les salari\u00e9s ont \u00e9t\u00e9 d\u00e9bout\u00e9s de leur demande de r\u00e9paration par la cour d\u2019appel car ils ne d\u00e9montraient pas un pr\u00e9judice personnel, direct et certain. Le juge d\u2019appel se situait ici dans la mouvance de l\u2019abandon du concept de pr\u00e9judice \u00ab&nbsp;automatique&nbsp;\u00bb amorc\u00e9 par la Cour de cassation qui a jug\u00e9 dans de nombreuses affaires que les salari\u00e9s ne peuvent plus obtenir r\u00e9paration sans faire la preuve du pr\u00e9judice subi.<\/p>\n\n\n\n<p>Mais cet arr\u00eat est cass\u00e9 par la Cour de cassation qui consid\u00e8re que la seule constatation de l&rsquo;atteinte au droit \u00e0 l&rsquo;image ouvre droit \u00e0 r\u00e9paration.<\/p>\n\n\n\n<p>De ce fait, le droit \u00e0 l\u2019image rejoint ainsi la liste des droits suffisamment primordiaux pour permettre des r\u00e9parations automatiques sans d\u00e9monstration du pr\u00e9judice subit (tels que l\u2019absence de mise en place d\u2019un CSE, cass. soc. 8 janvier 2020, n\u00b0 <a target=\"_blank\" href=\"https:\/\/rfsocial.grouperf.com\/lien_spad\/?base=JURI&amp;orig=REVUE_RF_FH&amp;juridiction=CASS&amp;chambre=SOC.&amp;numero=18-20591&amp;sp=\/juri\/inca\/global\/sociale\/JURI\/TEXT\/00\/00\/41\/51\/88\/JURITEXT000041518803.xml&amp;date=2020-01-08\" rel=\"noreferrer noopener\">18-20591<\/a> D).<\/p>\n\n\n\n<p>L\u2019affaire sera donc rejug\u00e9e sur ce point par une autre cour d\u2019appel qui devra fixer le montant de la r\u00e9paration.<\/p>\n\n\n\n<p>Cass. soc. 19 janvier 2022, n\u00b0 <a rel=\"noreferrer noopener\" href=\"https:\/\/rfsocial.grouperf.com\/lien_spad\/?base=JURI&amp;orig=REVUE_RF_FH&amp;juridiction=CASS&amp;chambre=SOC.&amp;numero=20-12420&amp;sp=\/juri\/inca\/global\/sociale\/JURI\/TEXT\/00\/00\/45\/06\/78\/JURITEXT000045067800.xml&amp;date=2022-01-19\" target=\"_blank\">20-12420<\/a> D<\/p>\n","protected":false},"excerpt":{"rendered":"<div class=\"mh-excerpt\"><p>Le salari\u00e9 dont le droit \u00e0 l\u2019image n\u2019a pas \u00e9t\u00e9 respect\u00e9 par l\u2019employeur a droit \u00e0 une r\u00e9paration sans avoir \u00e0 d\u00e9montrer l\u2019existence d\u2019un pr\u00e9judice. <a class=\"mh-excerpt-more\" href=\"https:\/\/foastek.fr\/?p=3461\" title=\"L&rsquo;atteinte au droit \u00e0 l&rsquo;image doit \u00eatre r\u00e9par\u00e9e m\u00eame sans pr\u00e9judice d\u00e9montr\u00e9\">[&#8230;]<\/a><\/p>\n<\/div>","protected":false},"author":1,"featured_media":0,"comment_status":"open","ping_status":"open","sticky":false,"template":"","format":"standard","meta":{"h5ap_radio_sources":[],"jetpack_post_was_ever_published":false,"_jetpack_newsletter_access":"","_jetpack_dont_email_post_to_subs":false,"_jetpack_newsletter_tier_id":0,"_jetpack_memberships_contains_paywalled_content":false,"_jetpack_memberships_contains_paid_content":false,"footnotes":"","jetpack_publicize_message":"","jetpack_publicize_feature_enabled":true,"jetpack_social_post_already_shared":true,"jetpack_social_options":{"image_generator_settings":{"template":"highway","default_image_id":0,"font":"","enabled":false},"version":2}},"categories":[2,10],"tags":[170,279,149,280],"class_list":["post-3461","post","type-post","status-publish","format-standard","hentry","category-accueil","category-vos-droits","tag-cassation","tag-droit-a-limage","tag-justice","tag-reparation"],"jetpack_publicize_connections":[],"jetpack_featured_media_url":"","jetpack_sharing_enabled":true,"jetpack_shortlink":"https:\/\/wp.me\/p77E1E-TP","jetpack-related-posts":[],"_links":{"self":[{"href":"https:\/\/foastek.fr\/index.php?rest_route=\/wp\/v2\/posts\/3461","targetHints":{"allow":["GET"]}}],"collection":[{"href":"https:\/\/foastek.fr\/index.php?rest_route=\/wp\/v2\/posts"}],"about":[{"href":"https:\/\/foastek.fr\/index.php?rest_route=\/wp\/v2\/types\/post"}],"author":[{"embeddable":true,"href":"https:\/\/foastek.fr\/index.php?rest_route=\/wp\/v2\/users\/1"}],"replies":[{"embeddable":true,"href":"https:\/\/foastek.fr\/index.php?rest_route=%2Fwp%2Fv2%2Fcomments&post=3461"}],"version-history":[{"count":4,"href":"https:\/\/foastek.fr\/index.php?rest_route=\/wp\/v2\/posts\/3461\/revisions"}],"predecessor-version":[{"id":4308,"href":"https:\/\/foastek.fr\/index.php?rest_route=\/wp\/v2\/posts\/3461\/revisions\/4308"}],"wp:attachment":[{"href":"https:\/\/foastek.fr\/index.php?rest_route=%2Fwp%2Fv2%2Fmedia&parent=3461"}],"wp:term":[{"taxonomy":"category","embeddable":true,"href":"https:\/\/foastek.fr\/index.php?rest_route=%2Fwp%2Fv2%2Fcategories&post=3461"},{"taxonomy":"post_tag","embeddable":true,"href":"https:\/\/foastek.fr\/index.php?rest_route=%2Fwp%2Fv2%2Ftags&post=3461"}],"curies":[{"name":"wp","href":"https:\/\/api.w.org\/{rel}","templated":true}]}}