{"id":3496,"date":"2016-01-22T11:35:00","date_gmt":"2016-01-22T10:35:00","guid":{"rendered":"http:\/\/foastek.fr\/?p=3496"},"modified":"2023-04-15T20:38:40","modified_gmt":"2023-04-15T19:38:40","slug":"astek-rhone-alpes-mouvement-social-14-01-2010","status":"publish","type":"post","link":"https:\/\/foastek.fr\/?p=3496","title":{"rendered":"Astek Rh\u00f4ne-Alpes &#8211; Mouvement social (14.01.2010)"},"content":{"rendered":"\n<p class=\"has-large-font-size\"><strong>France 3<\/strong><\/p>\n\n\n\n<figure class=\"wp-block-embed is-type-video is-provider-youtube wp-block-embed-youtube wp-embed-aspect-4-3 wp-has-aspect-ratio\"><div class=\"wp-block-embed__wrapper\">\n<span class=\"embed-youtube\" style=\"text-align:center; display: block;\"><iframe loading=\"lazy\" class=\"youtube-player\" width=\"640\" height=\"360\" src=\"https:\/\/www.youtube.com\/embed\/vnSRcn5gUdA?version=3&#038;rel=1&#038;showsearch=0&#038;showinfo=1&#038;iv_load_policy=1&#038;fs=1&#038;hl=fr-FR&#038;autohide=2&#038;wmode=transparent\" allowfullscreen=\"true\" style=\"border:0;\" sandbox=\"allow-scripts allow-same-origin allow-popups allow-presentation allow-popups-to-escape-sandbox\"><\/iframe><\/span>\n<\/div><\/figure>\n\n\n\n<p class=\"has-large-font-size\">Munci<\/p>\n\n\n\n<p>Fait rare dans la branche informatique, des salaries de la soci\u00e9t\u00e9 Astek Rh\u00f4ne-Alpes ont lanc\u00e9 un mouvement de gr\u00e8ve le jeudi 14 janvier.<\/p>\n\n\n\n<p>Astek Rh\u00f4ne-Alpes est une SSII de 300 salari\u00e9s environ, implant\u00e9e \u00e0 Lyon, Grenoble et Valence. Des salari\u00e9s ont ainsi appel\u00e9 \u00e0 un d\u00e9brayage<br>sur les trois sites et propos\u00e9 \u00e0 l\u2019ensemble des salari\u00e9s de se rencontrer pour \u00e9changer sur les probl\u00e8mes sociaux au sein de l\u2019entreprise.<\/p>\n\n\n\n<p>Leurs revendications portent sur&nbsp;:<\/p>\n\n\n\n<ul class=\"wp-block-list\"><li>une r\u00e9\u00e9valuation des salaires&nbsp;: alors que le gel des salaires a \u00e9t\u00e9 impos\u00e9 depuis plus d\u2019un an et est reconduit sur 2010, les salari\u00e9s ont appris que leur pr\u00e9sident s\u2019\u00e9tait allou\u00e9 une augmentation mirobolante pour 2009&nbsp;;<\/li><li>une application du droit du travail sur le paiement des cong\u00e9s pay\u00e9s&nbsp;: les d\u00e9l\u00e9gu\u00e9s du personnel triment sur le dossier depuis quelques ann\u00e9es et n\u2019ont pas r\u00e9ussi \u00e0 faire appliquer la loi \u00e0 ce jour, bien que l\u2019inspection du travail vienne de se saisir du dossier elle-aussi&nbsp;;<\/li><li>une indemnisation des trajets pour les missions \u00e0 longue distance&nbsp;: alors que la loi impose la mise en place d\u2019une indemnisation pour les trajets d\u00e9passant les temps de trajet inhabituels et ce depuis 2005, cela n\u2019a jamais \u00e9t\u00e9 mis en place.<\/li><\/ul>\n\n\n\n<p>D\u2019une mani\u00e8re g\u00e9n\u00e9rale, les gr\u00e9vistes r\u00e9clament la mise en place d\u2019une politique salariale et de gestion de carri\u00e8re plus juste et transparente, une meilleure r\u00e9partition du fruit de leur travail et la mise en place d\u2019un r\u00e9el dialogue social au sein de l\u2019entreprise o\u00f9 une vision purement financi\u00e8re r\u00e8gne \u00e0 ce jour.<\/p>\n\n\n\n<p>Source : Association mise en sommeil en 2018 (plus de site internet)<\/p>\n\n\n\n<p class=\"has-large-font-size\"><strong>IT For Business<\/strong><\/p>\n\n\n\n<p>Une centaine de salari\u00e9s de la filiale lyonnaise de la soci\u00e9t\u00e9 de conseil en informatique et ing\u00e9nierie Astek sont descendus dans la rue vendredi dernier.<\/p>\n\n\n\n<p>C\u2019est une premi\u00e8re pour le groupe Astek. Un mouvement de gr\u00e8ve a \u00e9t\u00e9 d\u00e9clench\u00e9 vendredi 15&nbsp;janvier \u00e0 l\u2019initiative des salari\u00e9s d\u2019Astek Rh\u00f4ne-Alpes. Ils \u00e9taient une centaine, parmi les 300 salari\u00e9s de cette agence r\u00e9gionale, \u00e0 se rassembler devant les locaux de Lyon pour protester contre le gel des salaires impos\u00e9 par la direction depuis 2009. Reconduit cette ann\u00e9e, ce gel passe d\u2019autant plus mal que le pr\u00e9sident et fondateur d\u2019Astek, Jean-Luc Bernard, aurait pris la pr\u00e9sidence d\u2019Astek Rh\u00f4ne-Alpes en s\u2019octroyant des \u00e9moluments annuels de l\u2019ordre de 200&nbsp;000&nbsp;euros, sans compter les r\u00e9mun\u00e9rations qu\u2019il per\u00e7oit aupr\u00e8s des autres entit\u00e9s du groupe.<\/p>\n\n\n\n<p>Les salari\u00e9s gr\u00e9vistes revendiquent notamment une revalorisation de 3&nbsp;% des salaires, la r\u00e9gularisation de l\u2019indemnisation des cong\u00e9s pay\u00e9s, ainsi que celle des temps de trajets pour les missions \u00e9loign\u00e9es.<\/p>\n\n\n\n<h3 class=\"wp-block-heading\">Un climat social difficile<\/h3>\n\n\n\n<p>Pour Fabienne Dravers, d\u00e9l\u00e9gu\u00e9e syndicale centrale (CFDT), <em>\u00ab&nbsp;ce mouvement, qui \u00e9mane des salari\u00e9s sans qu\u2019il soit provoqu\u00e9 par les organisations syndicales, est la cons\u00e9quence des relations sociales difficiles dans cette entreprise o\u00f9 il n\u2019y a pas de NAO<\/em><em><sup>(1)<\/sup><\/em> \u00bb. La CFDT est la premi\u00e8re organisation syndicale dans cette SSII familiale compos\u00e9e d\u2019une vingtaine de soci\u00e9t\u00e9s r\u00e9unies en UES (Union \u00e9conomique et sociale) et qui compte pr\u00e8s de 3&nbsp;000 salari\u00e9s.<\/p>\n\n\n\n<p>Selon une autre source syndicale, l\u2019entreprise aurait des difficult\u00e9s de tr\u00e9sorerie et le comit\u00e9 central d\u2019entreprise a \u00e9mis un droit d\u2019alerte afin de nommer un expert, le cabinet Ecodia, pour examiner les comptes pr\u00e9visionnels. <em>\u00ab&nbsp;Nous ne voulons pas mettre l\u2019entreprise d\u2019avantage en difficult\u00e9s, mais nous r\u00e9clamons la mise en place d\u2019une GPEC<sup>(2)<\/sup> et d\u2019une v\u00e9ritable DRH en r\u00e9gions.&nbsp;\u00bb<\/em><\/p>\n\n\n\n<p><em><sup>(1)<\/sup>N\u00e9gociation annuelle obligatoire sur les salaires<br><sup>(2)<\/sup><\/em><em>Gestion pr\u00e9visionnellle des emplois et des comp\u00e9tences<\/em><\/p>\n\n\n\n<p>Source : <a rel=\"noreferrer noopener\" href=\"https:\/\/www.itforbusiness.fr\/du-rififi-chez-astek-rhone-alpes-7058\" target=\"_blank\">https:\/\/www.itforbusiness.fr\/du-rififi-chez-astek-rhone-alpes-7058<\/a><\/p>\n","protected":false},"excerpt":{"rendered":"<div class=\"mh-excerpt\"><p>France 3 Munci Fait rare dans la branche informatique, des salaries de la soci\u00e9t\u00e9 Astek Rh\u00f4ne-Alpes ont lanc\u00e9 un mouvement de gr\u00e8ve le jeudi 14 <a class=\"mh-excerpt-more\" href=\"https:\/\/foastek.fr\/?p=3496\" title=\"Astek Rh\u00f4ne-Alpes &#8211; Mouvement social (14.01.2010)\">[&#8230;]<\/a><\/p>\n<\/div>","protected":false},"author":1,"featured_media":0,"comment_status":"open","ping_status":"open","sticky":false,"template":"","format":"standard","meta":{"h5ap_radio_sources":[],"jetpack_post_was_ever_published":false,"_jetpack_newsletter_access":"","_jetpack_dont_email_post_to_subs":false,"_jetpack_newsletter_tier_id":0,"_jetpack_memberships_contains_paywalled_content":false,"_jetpack_memberships_contains_paid_content":false,"footnotes":"","jetpack_publicize_message":"","jetpack_publicize_feature_enabled":true,"jetpack_social_post_already_shared":true,"jetpack_social_options":{"image_generator_settings":{"template":"highway","default_image_id":0,"font":"","enabled":false},"version":2}},"categories":[2,240,256,5,8],"tags":[17,284,78,118,251],"class_list":["post-3496","post","type-post","status-publish","format-standard","hentry","category-accueil","category-actualite","category-astek","category-greve","category-presse","tag-astek-rhone-alpes","tag-conges-payes","tag-greve","tag-salaires","tag-trajet"],"jetpack_publicize_connections":[],"jetpack_featured_media_url":"","jetpack_sharing_enabled":true,"jetpack_shortlink":"https:\/\/wp.me\/p77E1E-Uo","jetpack-related-posts":[],"_links":{"self":[{"href":"https:\/\/foastek.fr\/index.php?rest_route=\/wp\/v2\/posts\/3496","targetHints":{"allow":["GET"]}}],"collection":[{"href":"https:\/\/foastek.fr\/index.php?rest_route=\/wp\/v2\/posts"}],"about":[{"href":"https:\/\/foastek.fr\/index.php?rest_route=\/wp\/v2\/types\/post"}],"author":[{"embeddable":true,"href":"https:\/\/foastek.fr\/index.php?rest_route=\/wp\/v2\/users\/1"}],"replies":[{"embeddable":true,"href":"https:\/\/foastek.fr\/index.php?rest_route=%2Fwp%2Fv2%2Fcomments&post=3496"}],"version-history":[{"count":2,"href":"https:\/\/foastek.fr\/index.php?rest_route=\/wp\/v2\/posts\/3496\/revisions"}],"predecessor-version":[{"id":3498,"href":"https:\/\/foastek.fr\/index.php?rest_route=\/wp\/v2\/posts\/3496\/revisions\/3498"}],"wp:attachment":[{"href":"https:\/\/foastek.fr\/index.php?rest_route=%2Fwp%2Fv2%2Fmedia&parent=3496"}],"wp:term":[{"taxonomy":"category","embeddable":true,"href":"https:\/\/foastek.fr\/index.php?rest_route=%2Fwp%2Fv2%2Fcategories&post=3496"},{"taxonomy":"post_tag","embeddable":true,"href":"https:\/\/foastek.fr\/index.php?rest_route=%2Fwp%2Fv2%2Ftags&post=3496"}],"curies":[{"name":"wp","href":"https:\/\/api.w.org\/{rel}","templated":true}]}}