{"id":3550,"date":"2022-08-04T15:36:48","date_gmt":"2022-08-04T14:36:48","guid":{"rendered":"http:\/\/foastek.fr\/?p=3550"},"modified":"2023-04-15T22:01:28","modified_gmt":"2023-04-15T21:01:28","slug":"le-comite-social-et-economique-cse","status":"publish","type":"post","link":"https:\/\/foastek.fr\/?p=3550","title":{"rendered":"Le comit\u00e9 social et \u00e9conomique (CSE)"},"content":{"rendered":"\n<p>L\u2019ordonnance du 22 septembre 2017, relative \u00e0 la nouvelle organisation du dialogue social et \u00e9conomique dans l\u2019entreprise et favorisant l\u2019exercice et la valorisation des responsabilit\u00e9s syndicale a r\u00e9organis\u00e9e, dans sa globalit\u00e9, les dispositions relatives aux instances repr\u00e9sentatives du personnel (IRP).<\/p>\n\n\n<div class=\"wp-block-image\">\n<figure class=\"alignleft is-resized\"><img data-recalc-dims=\"1\" loading=\"lazy\" decoding=\"async\" src=\"https:\/\/i0.wp.com\/www.inrs.fr\/.imaging\/stk\/accueil\/editorialGrandeImage\/dms\/inrs\/img\/demarches-prevention\/acteurs-prevention\/cse\/CSE_1.jpg\/document\/CSE_1.jpg?resize=462%2C353&#038;ssl=1\" alt=\"CSE\" width=\"462\" height=\"353\" title=\"CSE\"\/><\/figure>\n<\/div>\n\n\n<p><a rel=\"noreferrer noopener\" href=\"https:\/\/www.inrs.fr\/dms\/inrs\/img\/demarches-prevention\/acteurs-prevention\/cse\/CSE_1.jpg\/CSE_1.jpg\" target=\"_blank\"><\/a>Ainsi, les questions relatives \u00e0 la sant\u00e9 et la s\u00e9curit\u00e9 au travail, qui relevaient auparavant du p\u00e9rim\u00e8tre des CHSCT, sont d\u00e9sormais prises en compte, en fonction de l\u2019organisation mise en place dans l\u2019entreprise, soit par le Comit\u00e9 social et \u00e9conomique (CSE), soit par une Commission sant\u00e9 s\u00e9curit\u00e9 et conditions de travail, soit par les repr\u00e9sentants de proximit\u00e9.<br><br>La mise en place de ces nouvelles instances s\u2019est faite progressivement, pour aboutir \u00e0 une mise en place g\u00e9n\u00e9ralis\u00e9e au 1er \u00a0janvier 2020 dans toutes les entreprises d\u2019au moins 11 salari\u00e9s<\/p>\n\n\n\n<p>Lien : <a href=\"https:\/\/www.inrs.fr\/demarche\/comite-social-economique\/ce-qu-il-faut-retenir.html\">Ce qu&rsquo;il faut retenir<\/a><\/p>\n","protected":false},"excerpt":{"rendered":"<div class=\"mh-excerpt\"><p>L\u2019ordonnance du 22 septembre 2017, relative \u00e0 la nouvelle organisation du dialogue social et \u00e9conomique dans l\u2019entreprise et favorisant l\u2019exercice et la valorisation des responsabilit\u00e9s <a class=\"mh-excerpt-more\" href=\"https:\/\/foastek.fr\/?p=3550\" title=\"Le comit\u00e9 social et \u00e9conomique (CSE)\">[&#8230;]<\/a><\/p>\n<\/div>","protected":false},"author":1,"featured_media":0,"comment_status":"open","ping_status":"open","sticky":false,"template":"","format":"standard","meta":{"h5ap_radio_sources":[],"jetpack_post_was_ever_published":false,"_jetpack_newsletter_access":"","_jetpack_dont_email_post_to_subs":false,"_jetpack_newsletter_tier_id":0,"_jetpack_memberships_contains_paywalled_content":false,"_jetpack_memberships_contains_paid_content":false,"footnotes":"","jetpack_publicize_message":"","jetpack_publicize_feature_enabled":true,"jetpack_social_post_already_shared":true,"jetpack_social_options":{"image_generator_settings":{"template":"highway","default_image_id":0,"font":"","enabled":false},"version":2}},"categories":[2,240,10],"tags":[167,54,98],"class_list":["post-3550","post","type-post","status-publish","format-standard","hentry","category-accueil","category-actualite","category-vos-droits","tag-cse","tag-sante","tag-securite"],"jetpack_publicize_connections":[],"jetpack_featured_media_url":"","jetpack_sharing_enabled":true,"jetpack_shortlink":"https:\/\/wp.me\/p77E1E-Vg","jetpack-related-posts":[],"_links":{"self":[{"href":"https:\/\/foastek.fr\/index.php?rest_route=\/wp\/v2\/posts\/3550","targetHints":{"allow":["GET"]}}],"collection":[{"href":"https:\/\/foastek.fr\/index.php?rest_route=\/wp\/v2\/posts"}],"about":[{"href":"https:\/\/foastek.fr\/index.php?rest_route=\/wp\/v2\/types\/post"}],"author":[{"embeddable":true,"href":"https:\/\/foastek.fr\/index.php?rest_route=\/wp\/v2\/users\/1"}],"replies":[{"embeddable":true,"href":"https:\/\/foastek.fr\/index.php?rest_route=%2Fwp%2Fv2%2Fcomments&post=3550"}],"version-history":[{"count":2,"href":"https:\/\/foastek.fr\/index.php?rest_route=\/wp\/v2\/posts\/3550\/revisions"}],"predecessor-version":[{"id":3552,"href":"https:\/\/foastek.fr\/index.php?rest_route=\/wp\/v2\/posts\/3550\/revisions\/3552"}],"wp:attachment":[{"href":"https:\/\/foastek.fr\/index.php?rest_route=%2Fwp%2Fv2%2Fmedia&parent=3550"}],"wp:term":[{"taxonomy":"category","embeddable":true,"href":"https:\/\/foastek.fr\/index.php?rest_route=%2Fwp%2Fv2%2Fcategories&post=3550"},{"taxonomy":"post_tag","embeddable":true,"href":"https:\/\/foastek.fr\/index.php?rest_route=%2Fwp%2Fv2%2Ftags&post=3550"}],"curies":[{"name":"wp","href":"https:\/\/api.w.org\/{rel}","templated":true}]}}