{"id":3566,"date":"2022-08-31T14:04:04","date_gmt":"2022-08-31T13:04:04","guid":{"rendered":"http:\/\/foastek.fr\/?p=3566"},"modified":"2023-04-15T18:11:23","modified_gmt":"2023-04-15T17:11:23","slug":"astek-les-salaries-pourront-encore-beneficier-de-laccord-sur-la-mobilite-durable","status":"publish","type":"post","link":"https:\/\/foastek.fr\/?p=3566","title":{"rendered":"Les salari\u00e9s pourront encore b\u00e9n\u00e9ficier de l&rsquo;accord sur la mobilit\u00e9 durable"},"content":{"rendered":"\n<p>Le tribunal judiciaire de Nanterre a rendu son avis concernant la demande d&rsquo;annulation de l&rsquo;accord Mobilit\u00e9 Durable par le syndicat Diversit\u00e9&amp;Proximit\u00e9.<\/p>\n\n\n\n<p>Pour rappel, cet accord, sign\u00e9 en 2021 par les syndicats <strong><em><mark style=\"background-color:rgba(0, 0, 0, 0)\" class=\"has-inline-color has-vivid-red-color\">FO<\/mark><\/em><\/strong>, CFDT et Solidaires Informatique, permet  entre autres :<\/p>\n\n\n\n<ul class=\"wp-block-list\"><li>l&rsquo;indemnisation des trajets domicile-travail effectu\u00e9s avec un moyen de locomotion dit vertueux (v\u00e9lo, trotinette \u2026)<\/li><li>le financement de l&rsquo;achat d&rsquo;un v\u00e9lo et d&rsquo;accessoires.<\/li><\/ul>\n\n\n\n<p>Le tribunal judiciaire de Nanterre a d\u00e9bout\u00e9 le syndicat Diversit\u00e9&amp;Proximit\u00e9 de ses demandes.<\/p>\n\n\n\n<p>R\u00e9f : 11-21-000516<\/p>\n","protected":false},"excerpt":{"rendered":"<div class=\"mh-excerpt\"><p>Le tribunal judiciaire de Nanterre a rendu son avis concernant la demande d&rsquo;annulation de l&rsquo;accord Mobilit\u00e9 Durable par le syndicat Diversit\u00e9&amp;Proximit\u00e9. Pour rappel, cet accord, <a class=\"mh-excerpt-more\" href=\"https:\/\/foastek.fr\/?p=3566\" title=\"Les salari\u00e9s pourront encore b\u00e9n\u00e9ficier de l&rsquo;accord sur la mobilit\u00e9 durable\">[&#8230;]<\/a><\/p>\n<\/div>","protected":false},"author":1,"featured_media":0,"comment_status":"open","ping_status":"open","sticky":false,"template":"","format":"standard","meta":{"h5ap_radio_sources":[],"jetpack_post_was_ever_published":false,"_jetpack_newsletter_access":"","_jetpack_dont_email_post_to_subs":false,"_jetpack_newsletter_tier_id":0,"_jetpack_memberships_contains_paywalled_content":false,"_jetpack_memberships_contains_paid_content":false,"footnotes":"","jetpack_publicize_message":"","jetpack_publicize_feature_enabled":true,"jetpack_social_post_already_shared":true,"jetpack_social_options":{"image_generator_settings":{"template":"highway","default_image_id":0,"font":"","enabled":false},"version":2}},"categories":[2,256,10],"tags":[128,149],"class_list":["post-3566","post","type-post","status-publish","format-standard","hentry","category-accueil","category-astek","category-vos-droits","tag-accord","tag-justice"],"jetpack_publicize_connections":[],"jetpack_featured_media_url":"","jetpack_sharing_enabled":true,"jetpack_shortlink":"https:\/\/wp.me\/p77E1E-Vw","jetpack-related-posts":[],"_links":{"self":[{"href":"https:\/\/foastek.fr\/index.php?rest_route=\/wp\/v2\/posts\/3566","targetHints":{"allow":["GET"]}}],"collection":[{"href":"https:\/\/foastek.fr\/index.php?rest_route=\/wp\/v2\/posts"}],"about":[{"href":"https:\/\/foastek.fr\/index.php?rest_route=\/wp\/v2\/types\/post"}],"author":[{"embeddable":true,"href":"https:\/\/foastek.fr\/index.php?rest_route=\/wp\/v2\/users\/1"}],"replies":[{"embeddable":true,"href":"https:\/\/foastek.fr\/index.php?rest_route=%2Fwp%2Fv2%2Fcomments&post=3566"}],"version-history":[{"count":2,"href":"https:\/\/foastek.fr\/index.php?rest_route=\/wp\/v2\/posts\/3566\/revisions"}],"predecessor-version":[{"id":4054,"href":"https:\/\/foastek.fr\/index.php?rest_route=\/wp\/v2\/posts\/3566\/revisions\/4054"}],"wp:attachment":[{"href":"https:\/\/foastek.fr\/index.php?rest_route=%2Fwp%2Fv2%2Fmedia&parent=3566"}],"wp:term":[{"taxonomy":"category","embeddable":true,"href":"https:\/\/foastek.fr\/index.php?rest_route=%2Fwp%2Fv2%2Fcategories&post=3566"},{"taxonomy":"post_tag","embeddable":true,"href":"https:\/\/foastek.fr\/index.php?rest_route=%2Fwp%2Fv2%2Ftags&post=3566"}],"curies":[{"name":"wp","href":"https:\/\/api.w.org\/{rel}","templated":true}]}}