{"id":3628,"date":"2022-09-29T13:51:22","date_gmt":"2022-09-29T12:51:22","guid":{"rendered":"http:\/\/foastek.fr\/?p=3628"},"modified":"2022-10-17T10:57:13","modified_gmt":"2022-10-17T09:57:13","slug":"etude-apec-un-quart-des-cadres-estime-que-sa-sante-mentale-sest-degradee-au-cours-des-deux-dernieres-annees","status":"publish","type":"post","link":"https:\/\/foastek.fr\/?p=3628","title":{"rendered":"\u00c9tude APEC : Un quart des cadres estime que sa sant\u00e9 mentale s\u2019est d\u00e9grad\u00e9e au cours des deux derni\u00e8res ann\u00e9es"},"content":{"rendered":"\n<p>Dans un article paru d\u00e9but septembre, l\u2019APEC livre les conclusions d\u2019une enqu\u00eate men\u00e9e en ao\u00fbt, faisant suite aux deux derni\u00e8res ann\u00e9es de pand\u00e9mie et dans un contexte \u00e9conomique marqu\u00e9 par la guerre en Ukraine et l\u2019inflation.<\/p>\n\n\n\n<p>Si 62% des cadres t\u00e9moigne des bienfaits du t\u00e9l\u00e9travail sur leur sant\u00e9 psychologique, un quart estime de sa sant\u00e9 mentale s\u2019est d\u00e9grad\u00e9e depuis deux ans. 19% d\u2019entre eux ont m\u00eame reconnu avoir pris un cong\u00e9 ou un arr\u00eat maladie cons\u00e9cutif \u00e0 cet \u00e9tat de fait.<\/p>\n\n\n\n<!--more-->\n\n\n\n<p>La principale raison invoqu\u00e9e \u00e0 cette d\u00e9gradation est une charge de travail insurmontable, ce dont t\u00e9moignent 65% des interrog\u00e9s (contre 47% pour les cadres non-managers). 62% ressentent un \u00e9puisement professionnel (contre 48% pour les cadres non-managers).<\/p>\n\n\n\n<p>Cette appr\u00e9ciation se trouve renforc\u00e9e par le peu d\u2019actions mises en place par les entreprises pour pr\u00e9server la sant\u00e9 mentale des \u00e9quipes&nbsp;: 46% l\u2019ont d\u00e9clar\u00e9. \u00c0 tel point que si 57% estiment leurs managers vigilants, 60% se tourneraient plut\u00f4t vers leurs coll\u00e8gues pour partager leur ressenti.<\/p>\n\n\n\n<p>L\u2019APEC conclut par le fait qu\u2019en cette rentr\u00e9e 2022, l\u2019\u00e9quilibre entre vie priv\u00e9e et vie professionnelle arrive en t\u00eate des bonnes r\u00e9solutions envisag\u00e9es par 66% des interrog\u00e9s (+19 points par rapport \u00e0 l\u2019ann\u00e9e 2021) et que 26% d\u2019entre eux souhaitent diminuer leur temps consacr\u00e9 au travail.<\/p>\n\n\n\n<p>Si vous vous sentez concern\u00e9 par cet \u00e9tat des lieux, FO Cadres rappelle que la syndicalisation peut \u00e9galement constituer un excellent facteur d\u2019\u00e9coute, d\u2019entraide et de solidarit\u00e9.<\/p>\n","protected":false},"excerpt":{"rendered":"<div class=\"mh-excerpt\"><p>Dans un article paru d\u00e9but septembre, l\u2019APEC livre les conclusions d\u2019une enqu\u00eate men\u00e9e en ao\u00fbt, faisant suite aux deux derni\u00e8res ann\u00e9es de pand\u00e9mie et dans <a class=\"mh-excerpt-more\" href=\"https:\/\/foastek.fr\/?p=3628\" title=\"\u00c9tude APEC : Un quart des cadres estime que sa sant\u00e9 mentale s\u2019est d\u00e9grad\u00e9e au cours des deux derni\u00e8res ann\u00e9es\">[&#8230;]<\/a><\/p>\n<\/div>","protected":false},"author":1,"featured_media":0,"comment_status":"open","ping_status":"open","sticky":false,"template":"","format":"standard","meta":{"h5ap_radio_sources":[],"jetpack_post_was_ever_published":false,"_jetpack_newsletter_access":"","_jetpack_dont_email_post_to_subs":false,"_jetpack_newsletter_tier_id":0,"_jetpack_memberships_contains_paywalled_content":false,"_jetpack_memberships_contains_paid_content":false,"footnotes":"","jetpack_publicize_message":"","jetpack_publicize_feature_enabled":true,"jetpack_social_post_already_shared":true,"jetpack_social_options":{"image_generator_settings":{"template":"highway","default_image_id":0,"font":"","enabled":false},"version":2}},"categories":[2,308],"tags":[213,54],"class_list":["post-3628","post","type-post","status-publish","format-standard","hentry","category-accueil","category-etude-enquete","tag-covid19","tag-sante"],"jetpack_publicize_connections":[],"jetpack_featured_media_url":"","jetpack_sharing_enabled":true,"jetpack_shortlink":"https:\/\/wp.me\/p77E1E-Ww","jetpack-related-posts":[],"_links":{"self":[{"href":"https:\/\/foastek.fr\/index.php?rest_route=\/wp\/v2\/posts\/3628","targetHints":{"allow":["GET"]}}],"collection":[{"href":"https:\/\/foastek.fr\/index.php?rest_route=\/wp\/v2\/posts"}],"about":[{"href":"https:\/\/foastek.fr\/index.php?rest_route=\/wp\/v2\/types\/post"}],"author":[{"embeddable":true,"href":"https:\/\/foastek.fr\/index.php?rest_route=\/wp\/v2\/users\/1"}],"replies":[{"embeddable":true,"href":"https:\/\/foastek.fr\/index.php?rest_route=%2Fwp%2Fv2%2Fcomments&post=3628"}],"version-history":[{"count":2,"href":"https:\/\/foastek.fr\/index.php?rest_route=\/wp\/v2\/posts\/3628\/revisions"}],"predecessor-version":[{"id":3649,"href":"https:\/\/foastek.fr\/index.php?rest_route=\/wp\/v2\/posts\/3628\/revisions\/3649"}],"wp:attachment":[{"href":"https:\/\/foastek.fr\/index.php?rest_route=%2Fwp%2Fv2%2Fmedia&parent=3628"}],"wp:term":[{"taxonomy":"category","embeddable":true,"href":"https:\/\/foastek.fr\/index.php?rest_route=%2Fwp%2Fv2%2Fcategories&post=3628"},{"taxonomy":"post_tag","embeddable":true,"href":"https:\/\/foastek.fr\/index.php?rest_route=%2Fwp%2Fv2%2Ftags&post=3628"}],"curies":[{"name":"wp","href":"https:\/\/api.w.org\/{rel}","templated":true}]}}