{"id":3716,"date":"2022-11-25T09:53:33","date_gmt":"2022-11-25T08:53:33","guid":{"rendered":"http:\/\/foastek.fr\/?p=3716"},"modified":"2022-12-06T09:56:01","modified_gmt":"2022-12-06T08:56:01","slug":"actu-worldline-plusieurs-centaines-de-salaries-en-greve-pour-les-salaires","status":"publish","type":"post","link":"https:\/\/foastek.fr\/?p=3716","title":{"rendered":"[Actu] Worldline : plusieurs centaines de salari\u00e9s en gr\u00e8ve pour les salaires"},"content":{"rendered":"\n<figure class=\"wp-block-image size-large\"><a href=\"https:\/\/i0.wp.com\/foastek.fr\/wp-content\/uploads\/2022\/12\/20220906_115538-scaled-1.jpg\"><img data-recalc-dims=\"1\" loading=\"lazy\" decoding=\"async\" width=\"1024\" height=\"576\" data-attachment-id=\"3717\" data-permalink=\"https:\/\/foastek.fr\/?attachment_id=3717\" data-orig-file=\"https:\/\/i0.wp.com\/foastek.fr\/wp-content\/uploads\/2022\/12\/20220906_115538-scaled-1.jpg?fit=2560%2C1440&amp;ssl=1\" data-orig-size=\"2560,1440\" data-comments-opened=\"1\" data-image-meta=\"{&quot;aperture&quot;:&quot;0&quot;,&quot;credit&quot;:&quot;&quot;,&quot;camera&quot;:&quot;&quot;,&quot;caption&quot;:&quot;&quot;,&quot;created_timestamp&quot;:&quot;0&quot;,&quot;copyright&quot;:&quot;&quot;,&quot;focal_length&quot;:&quot;0&quot;,&quot;iso&quot;:&quot;0&quot;,&quot;shutter_speed&quot;:&quot;0&quot;,&quot;title&quot;:&quot;&quot;,&quot;orientation&quot;:&quot;0&quot;}\" data-image-title=\"20220906_115538-scaled-1\" data-image-description=\"\" data-image-caption=\"\" data-large-file=\"https:\/\/i0.wp.com\/foastek.fr\/wp-content\/uploads\/2022\/12\/20220906_115538-scaled-1.jpg?fit=1024%2C576&amp;ssl=1\" src=\"https:\/\/i0.wp.com\/foastek.fr\/wp-content\/uploads\/2022\/12\/20220906_115538-scaled-1.jpg?resize=1024%2C576\" alt=\"\" class=\"wp-image-3717\" srcset=\"https:\/\/i0.wp.com\/foastek.fr\/wp-content\/uploads\/2022\/12\/20220906_115538-scaled-1.jpg?resize=1024%2C576&amp;ssl=1 1024w, https:\/\/i0.wp.com\/foastek.fr\/wp-content\/uploads\/2022\/12\/20220906_115538-scaled-1.jpg?resize=300%2C169&amp;ssl=1 300w, https:\/\/i0.wp.com\/foastek.fr\/wp-content\/uploads\/2022\/12\/20220906_115538-scaled-1.jpg?resize=768%2C432&amp;ssl=1 768w, https:\/\/i0.wp.com\/foastek.fr\/wp-content\/uploads\/2022\/12\/20220906_115538-scaled-1.jpg?resize=1536%2C864&amp;ssl=1 1536w, https:\/\/i0.wp.com\/foastek.fr\/wp-content\/uploads\/2022\/12\/20220906_115538-scaled-1.jpg?resize=2048%2C1152&amp;ssl=1 2048w\" sizes=\"auto, (max-width: 1000px) 100vw, 1000px\" \/><\/a><\/figure>\n\n\n\n<p>La journ\u00e9e du 25 novembre fait suite \u00e0 quatre demi-journ\u00e9es de gr\u00e8ve les 6, 13, 20 septembre et 4 octobre. L&rsquo;intersyndicale de l&rsquo;ancienne filiale d&rsquo;Atos demande notamment une augmentation g\u00e9n\u00e9rale de 175 euros bruts par mois l&rsquo;an prochain (soit un total de 2275 euros sur 13 mois) pour les salaires inf\u00e9rieurs \u00e0 45.000 euros bruts par an ainsi qu&rsquo;une \u00abplus juste redistribution de la copieuse marge r\u00e9alis\u00e9e par l&rsquo;entreprise (25% en 2021) via une prime palliant l&rsquo;absence d&rsquo;accord d&rsquo;int\u00e9ressement\u00bb, selon un communiqu\u00e9 transmis \u00e0 l&rsquo;AFP.<\/p>\n","protected":false},"excerpt":{"rendered":"<div class=\"mh-excerpt\"><p>La journ\u00e9e du 25 novembre fait suite \u00e0 quatre demi-journ\u00e9es de gr\u00e8ve les 6, 13, 20 septembre et 4 octobre. L&rsquo;intersyndicale de l&rsquo;ancienne filiale d&rsquo;Atos <a class=\"mh-excerpt-more\" href=\"https:\/\/foastek.fr\/?p=3716\" title=\"[Actu] Worldline : plusieurs centaines de salari\u00e9s en gr\u00e8ve pour les salaires\">[&#8230;]<\/a><\/p>\n<\/div>","protected":false},"author":1,"featured_media":0,"comment_status":"open","ping_status":"open","sticky":false,"template":"","format":"standard","meta":{"h5ap_radio_sources":[],"jetpack_post_was_ever_published":false,"_jetpack_newsletter_access":"","_jetpack_dont_email_post_to_subs":false,"_jetpack_newsletter_tier_id":0,"_jetpack_memberships_contains_paywalled_content":false,"_jetpack_memberships_contains_paid_content":false,"footnotes":"","jetpack_publicize_message":"","jetpack_publicize_feature_enabled":true,"jetpack_social_post_already_shared":true,"jetpack_social_options":{"image_generator_settings":{"template":"highway","default_image_id":0,"font":"","enabled":false},"version":2}},"categories":[2,240],"tags":[78],"class_list":["post-3716","post","type-post","status-publish","format-standard","hentry","category-accueil","category-actualite","tag-greve"],"jetpack_publicize_connections":[],"jetpack_featured_media_url":"","jetpack_sharing_enabled":true,"jetpack_shortlink":"https:\/\/wp.me\/p77E1E-XW","jetpack-related-posts":[],"_links":{"self":[{"href":"https:\/\/foastek.fr\/index.php?rest_route=\/wp\/v2\/posts\/3716","targetHints":{"allow":["GET"]}}],"collection":[{"href":"https:\/\/foastek.fr\/index.php?rest_route=\/wp\/v2\/posts"}],"about":[{"href":"https:\/\/foastek.fr\/index.php?rest_route=\/wp\/v2\/types\/post"}],"author":[{"embeddable":true,"href":"https:\/\/foastek.fr\/index.php?rest_route=\/wp\/v2\/users\/1"}],"replies":[{"embeddable":true,"href":"https:\/\/foastek.fr\/index.php?rest_route=%2Fwp%2Fv2%2Fcomments&post=3716"}],"version-history":[{"count":1,"href":"https:\/\/foastek.fr\/index.php?rest_route=\/wp\/v2\/posts\/3716\/revisions"}],"predecessor-version":[{"id":3718,"href":"https:\/\/foastek.fr\/index.php?rest_route=\/wp\/v2\/posts\/3716\/revisions\/3718"}],"wp:attachment":[{"href":"https:\/\/foastek.fr\/index.php?rest_route=%2Fwp%2Fv2%2Fmedia&parent=3716"}],"wp:term":[{"taxonomy":"category","embeddable":true,"href":"https:\/\/foastek.fr\/index.php?rest_route=%2Fwp%2Fv2%2Fcategories&post=3716"},{"taxonomy":"post_tag","embeddable":true,"href":"https:\/\/foastek.fr\/index.php?rest_route=%2Fwp%2Fv2%2Ftags&post=3716"}],"curies":[{"name":"wp","href":"https:\/\/api.w.org\/{rel}","templated":true}]}}