{"id":3741,"date":"2022-12-22T13:17:40","date_gmt":"2022-12-22T12:17:40","guid":{"rendered":"http:\/\/foastek.fr\/?p=3741"},"modified":"2022-12-28T13:22:57","modified_gmt":"2022-12-28T12:22:57","slug":"plafond-de-la-securite-sociale-2023","status":"publish","type":"post","link":"https:\/\/foastek.fr\/?p=3741","title":{"rendered":"Plafond de la S\u00e9curit\u00e9 sociale 2023"},"content":{"rendered":"\n<p><strong>Une augmentation suite \u00e0 trois ann\u00e9es de stabilit\u00e9<\/strong><\/p>\n\n\n\n<p>Le plafond de la S\u00e9curit\u00e9 sociale va \u00eatre revaloris\u00e9 de 6,9% en 2023. Cette augmentation fait suite \u00e0 trois ann\u00e9es de stabilit\u00e9 de ce plafond (2020, 2021, 2022). Elle prend en compte l\u2019\u00e9volution du salaire moyen par t\u00eate depuis 2019\u00a0en application des dispositions de l\u2019article D. 242-17\u00a0du code de la s\u00e9curit\u00e9 sociale.<\/p>\n\n\n\n<p>Le plafond de la s\u00e9curit\u00e9 sociale correspond au montant maximal des r\u00e9mun\u00e9rations ou gains \u00e0 prendre en compte pour le calcul de certaines cotisations, principalement les cotisations d\u2019assurance vieillesse de base, et sert \u00e9galement de r\u00e9f\u00e9rence pour la d\u00e9finition de l\u2019assiette de certaines contributions et le calcul des droits sociaux.<\/p>\n\n\n\n<p>L\u2019arr\u00eat\u00e9 officialisant la revalorisation a \u00e9t\u00e9 publi\u00e9 ce vendredi au Journal officiel.<\/p>\n\n\n\n<p>Les nouveaux plafonds qui entreront en vigueur \u00e0 compter du 1er janvier 2023 sont les suivants :<\/p>\n\n\n\n<ul class=\"wp-block-list\">\n<li>Valeur annuelle : 43 992 euros (41 136 euros en 2022) ;<\/li>\n\n\n\n<li>Valeur mensuelle : 3 666 euros (3 428 en 2022) ;<\/li>\n\n\n\n<li>Valeur journali\u00e8re : 202 euros (189 euros en 2022) ;<\/li>\n\n\n\n<li>Valeur horaire : 27 euros (26 euros en 2022).<\/li>\n<\/ul>\n\n\n\n<p><span style=\"text-decoration: underline;\">Sources :<\/span><\/p>\n\n\n\n<p><a href=\"https:\/\/urlz.fr\/k9Yt\">Arr\u00eat\u00e9 du 9 d\u00e9cembre 2022 portant fixation du plafond de la s\u00e9curit\u00e9 sociale pour 2023<\/a><\/p>\n\n\n\n<p><a href=\"https:\/\/urlz.fr\/jPKA\">Communiqu\u00e9 publi\u00e9 au BOSS<\/a><\/p>\n","protected":false},"excerpt":{"rendered":"<div class=\"mh-excerpt\"><p>Une augmentation suite \u00e0 trois ann\u00e9es de stabilit\u00e9 Le plafond de la S\u00e9curit\u00e9 sociale va \u00eatre revaloris\u00e9 de 6,9% en 2023. Cette augmentation fait suite <a class=\"mh-excerpt-more\" href=\"https:\/\/foastek.fr\/?p=3741\" title=\"Plafond de la S\u00e9curit\u00e9 sociale 2023\">[&#8230;]<\/a><\/p>\n<\/div>","protected":false},"author":1,"featured_media":0,"comment_status":"open","ping_status":"open","sticky":false,"template":"","format":"standard","meta":{"h5ap_radio_sources":[],"jetpack_post_was_ever_published":false,"_jetpack_newsletter_access":"","_jetpack_dont_email_post_to_subs":false,"_jetpack_newsletter_tier_id":0,"_jetpack_memberships_contains_paywalled_content":false,"_jetpack_memberships_contains_paid_content":false,"footnotes":"","jetpack_publicize_message":"","jetpack_publicize_feature_enabled":true,"jetpack_social_post_already_shared":true,"jetpack_social_options":{"image_generator_settings":{"template":"highway","default_image_id":0,"font":"","enabled":false},"version":2}},"categories":[2,10],"tags":[136,62],"class_list":["post-3741","post","type-post","status-publish","format-standard","hentry","category-accueil","category-vos-droits","tag-pass","tag-pmss"],"jetpack_publicize_connections":[],"jetpack_featured_media_url":"","jetpack_sharing_enabled":true,"jetpack_shortlink":"https:\/\/wp.me\/p77E1E-Yl","jetpack-related-posts":[],"_links":{"self":[{"href":"https:\/\/foastek.fr\/index.php?rest_route=\/wp\/v2\/posts\/3741","targetHints":{"allow":["GET"]}}],"collection":[{"href":"https:\/\/foastek.fr\/index.php?rest_route=\/wp\/v2\/posts"}],"about":[{"href":"https:\/\/foastek.fr\/index.php?rest_route=\/wp\/v2\/types\/post"}],"author":[{"embeddable":true,"href":"https:\/\/foastek.fr\/index.php?rest_route=\/wp\/v2\/users\/1"}],"replies":[{"embeddable":true,"href":"https:\/\/foastek.fr\/index.php?rest_route=%2Fwp%2Fv2%2Fcomments&post=3741"}],"version-history":[{"count":1,"href":"https:\/\/foastek.fr\/index.php?rest_route=\/wp\/v2\/posts\/3741\/revisions"}],"predecessor-version":[{"id":3742,"href":"https:\/\/foastek.fr\/index.php?rest_route=\/wp\/v2\/posts\/3741\/revisions\/3742"}],"wp:attachment":[{"href":"https:\/\/foastek.fr\/index.php?rest_route=%2Fwp%2Fv2%2Fmedia&parent=3741"}],"wp:term":[{"taxonomy":"category","embeddable":true,"href":"https:\/\/foastek.fr\/index.php?rest_route=%2Fwp%2Fv2%2Fcategories&post=3741"},{"taxonomy":"post_tag","embeddable":true,"href":"https:\/\/foastek.fr\/index.php?rest_route=%2Fwp%2Fv2%2Ftags&post=3741"}],"curies":[{"name":"wp","href":"https:\/\/api.w.org\/{rel}","templated":true}]}}