{"id":3743,"date":"2022-12-29T13:24:51","date_gmt":"2022-12-29T12:24:51","guid":{"rendered":"http:\/\/foastek.fr\/?p=3743"},"modified":"2022-12-28T13:27:14","modified_gmt":"2022-12-28T12:27:14","slug":"livre-le-stress-au-travail-de-la-tension-individuelle-a-sa-construction-sociale","status":"publish","type":"post","link":"https:\/\/foastek.fr\/?p=3743","title":{"rendered":"[Livre] <q>Le stress au travail \u2013 De la tension individuelle \u00e0 sa construction sociale<\/q>"},"content":{"rendered":"\n<figure class=\"wp-block-image size-full\"><a href=\"https:\/\/i0.wp.com\/foastek.fr\/wp-content\/uploads\/2022\/12\/f39efebb03e448f212b5ef580084d4.jpg\"><img data-recalc-dims=\"1\" loading=\"lazy\" decoding=\"async\" width=\"720\" height=\"405\" data-attachment-id=\"3744\" data-permalink=\"https:\/\/foastek.fr\/?attachment_id=3744\" data-orig-file=\"https:\/\/i0.wp.com\/foastek.fr\/wp-content\/uploads\/2022\/12\/f39efebb03e448f212b5ef580084d4.jpg?fit=720%2C405&amp;ssl=1\" data-orig-size=\"720,405\" data-comments-opened=\"1\" data-image-meta=\"{&quot;aperture&quot;:&quot;0&quot;,&quot;credit&quot;:&quot;&quot;,&quot;camera&quot;:&quot;&quot;,&quot;caption&quot;:&quot;&quot;,&quot;created_timestamp&quot;:&quot;0&quot;,&quot;copyright&quot;:&quot;&quot;,&quot;focal_length&quot;:&quot;0&quot;,&quot;iso&quot;:&quot;0&quot;,&quot;shutter_speed&quot;:&quot;0&quot;,&quot;title&quot;:&quot;&quot;,&quot;orientation&quot;:&quot;0&quot;}\" data-image-title=\"f39efebb03e448f212b5ef580084d4\" data-image-description=\"\" data-image-caption=\"\" data-large-file=\"https:\/\/i0.wp.com\/foastek.fr\/wp-content\/uploads\/2022\/12\/f39efebb03e448f212b5ef580084d4.jpg?fit=720%2C405&amp;ssl=1\" src=\"https:\/\/i0.wp.com\/foastek.fr\/wp-content\/uploads\/2022\/12\/f39efebb03e448f212b5ef580084d4.jpg?resize=720%2C405\" alt=\"\" class=\"wp-image-3744\" srcset=\"https:\/\/i0.wp.com\/foastek.fr\/wp-content\/uploads\/2022\/12\/f39efebb03e448f212b5ef580084d4.jpg?w=720&amp;ssl=1 720w, https:\/\/i0.wp.com\/foastek.fr\/wp-content\/uploads\/2022\/12\/f39efebb03e448f212b5ef580084d4.jpg?resize=300%2C169&amp;ssl=1 300w\" sizes=\"auto, (max-width: 720px) 100vw, 720px\" \/><\/a><\/figure>\n\n\n\n<h2 class=\"wp-block-heading\">Une n\u00e9cessaire convergence<\/h2>\n\n\n\n<p>Le stress est un ph\u00e9nom\u00e8ne physiologique naturel mais c\u2019est aussi une construction sociale. Le pr\u00e9sent ouvrage s\u2019attache \u00e0 envisager cette notion complexe gr\u00e2ce \u00e0 plusieurs niveaux de lecture&nbsp;: \u00e9tymologique, religieux, scientifique, politique, social.<\/p>\n\n\n\n<p>Le stress se cr\u00e9e dans un entre-deux&nbsp;: l\u2019exigence ordonn\u00e9e par la hi\u00e9rarchie et la r\u00e9alit\u00e9 des contraintes du quotidien. Plus le delta augmente, plus le risque psychosocial est grand. Pour pallier cette situation, il existe un large ensemble de r\u00e9actions, de stratag\u00e8mes, entre la fuite et le combat, souvent tr\u00e8s en lien avec la personnalit\u00e9 et l\u2019histoire de chacun.<\/p>\n\n\n\n<p>Le livre analyse ces zones d\u2019incertitude dont la gestion implique une capacit\u00e9 d\u2019adaptation et un certain l\u00e2cher prise. Il met en miroir l\u2019organisation scientifique du temps et de la division du travail et l\u2019humain, le contr\u00f4le et la latitude de d\u00e9cision, l\u2019exigence et le sens, la d\u00e9cision et l\u2019ex\u00e9cution, la rigidit\u00e9 et la souplesse, l\u2019effort et la r\u00e9compense. Il \u00e9voque les notions de syndrome d\u2019adaptation, d\u2019injonctions contradictoires, de choc post-traumatique et de r\u00e9silience.<\/p>\n\n\n\n<p>Le stress est au c\u0153ur d\u2019un jeu d\u2019interd\u00e9pendance sociale, \u00e0 la fronti\u00e8re entre mod\u00e8le th\u00e9orique, contraintes sociales, jeu de pouvoir et reconnaissance institutionnelle. Souvent initi\u00e9 par une mutation de l\u2019organisation, il impose des contraintes, \u00e0 la fois dans le travail mais aussi dans la relation \u00e0 l\u2019autre, qui d\u00e9bouchent sur une tension individuelle forte face \u00e0 des r\u00e8gles collectives.<\/p>\n\n\n\n<p>L\u2019auteur consid\u00e8re le stress comme une histoire de normes, de rituels, de fa\u00e7ons de faire et de penser, marqu\u00e9s par des repr\u00e9sentations mentales et sociales pour faire face \u00e0 un conflit, qui se d\u00e9veloppe dans le manque d\u2019efficacit\u00e9 des m\u00e9canismes de r\u00e9silience.<\/p>\n\n\n\n<p>Dans nos soci\u00e9t\u00e9s modernes individualistes, il pousse sur l\u2019absence de collectif et la perte d\u2019une identit\u00e9 qui structurait auparavant certains groupes sociaux.<\/p>\n","protected":false},"excerpt":{"rendered":"<div class=\"mh-excerpt\"><p>Une n\u00e9cessaire convergence Le stress est un ph\u00e9nom\u00e8ne physiologique naturel mais c\u2019est aussi une construction sociale. Le pr\u00e9sent ouvrage s\u2019attache \u00e0 envisager cette notion complexe <a class=\"mh-excerpt-more\" href=\"https:\/\/foastek.fr\/?p=3743\" title=\"[Livre] Le stress au travail \u2013 De la tension individuelle \u00e0 sa construction sociale\">[&#8230;]<\/a><\/p>\n<\/div>","protected":false},"author":1,"featured_media":0,"comment_status":"open","ping_status":"open","sticky":false,"template":"","format":"standard","meta":{"h5ap_radio_sources":[],"jetpack_post_was_ever_published":false,"_jetpack_newsletter_access":"","_jetpack_dont_email_post_to_subs":false,"_jetpack_newsletter_tier_id":0,"_jetpack_memberships_contains_paywalled_content":false,"_jetpack_memberships_contains_paid_content":false,"footnotes":"","jetpack_publicize_message":"","jetpack_publicize_feature_enabled":true,"jetpack_social_post_already_shared":true,"jetpack_social_options":{"image_generator_settings":{"template":"highway","default_image_id":0,"font":"","enabled":false},"version":2}},"categories":[2,308],"tags":[321,142],"class_list":["post-3743","post","type-post","status-publish","format-standard","hentry","category-accueil","category-etude-enquete","tag-stress","tag-travail"],"jetpack_publicize_connections":[],"jetpack_featured_media_url":"","jetpack_sharing_enabled":true,"jetpack_shortlink":"https:\/\/wp.me\/p77E1E-Yn","jetpack-related-posts":[],"_links":{"self":[{"href":"https:\/\/foastek.fr\/index.php?rest_route=\/wp\/v2\/posts\/3743","targetHints":{"allow":["GET"]}}],"collection":[{"href":"https:\/\/foastek.fr\/index.php?rest_route=\/wp\/v2\/posts"}],"about":[{"href":"https:\/\/foastek.fr\/index.php?rest_route=\/wp\/v2\/types\/post"}],"author":[{"embeddable":true,"href":"https:\/\/foastek.fr\/index.php?rest_route=\/wp\/v2\/users\/1"}],"replies":[{"embeddable":true,"href":"https:\/\/foastek.fr\/index.php?rest_route=%2Fwp%2Fv2%2Fcomments&post=3743"}],"version-history":[{"count":1,"href":"https:\/\/foastek.fr\/index.php?rest_route=\/wp\/v2\/posts\/3743\/revisions"}],"predecessor-version":[{"id":3745,"href":"https:\/\/foastek.fr\/index.php?rest_route=\/wp\/v2\/posts\/3743\/revisions\/3745"}],"wp:attachment":[{"href":"https:\/\/foastek.fr\/index.php?rest_route=%2Fwp%2Fv2%2Fmedia&parent=3743"}],"wp:term":[{"taxonomy":"category","embeddable":true,"href":"https:\/\/foastek.fr\/index.php?rest_route=%2Fwp%2Fv2%2Fcategories&post=3743"},{"taxonomy":"post_tag","embeddable":true,"href":"https:\/\/foastek.fr\/index.php?rest_route=%2Fwp%2Fv2%2Ftags&post=3743"}],"curies":[{"name":"wp","href":"https:\/\/api.w.org\/{rel}","templated":true}]}}