{"id":3754,"date":"2023-01-09T08:00:00","date_gmt":"2023-01-09T07:00:00","guid":{"rendered":"http:\/\/foastek.fr\/?p=3754"},"modified":"2023-04-16T09:57:13","modified_gmt":"2023-04-16T08:57:13","slug":"respect-des-durees-maximales-de-travail-et-du-droit-au-repos-cest-a-lemployeur-de-le-prouver-y-compris-en-cas-de-teletravail","status":"publish","type":"post","link":"https:\/\/foastek.fr\/?p=3754","title":{"rendered":"Respect des dur\u00e9es maximales de travail et du droit au repos : c\u2019est \u00e0 l\u2019employeur de le prouver, y compris en cas de t\u00e9l\u00e9travail"},"content":{"rendered":"\n<figure class=\"wp-block-image size-full\"><a href=\"https:\/\/i0.wp.com\/foastek.fr\/wp-content\/uploads\/2023\/01\/tempsdetravail.jpg\"><img data-recalc-dims=\"1\" loading=\"lazy\" decoding=\"async\" width=\"600\" height=\"400\" data-attachment-id=\"3786\" data-permalink=\"https:\/\/foastek.fr\/?attachment_id=3786\" data-orig-file=\"https:\/\/i0.wp.com\/foastek.fr\/wp-content\/uploads\/2023\/01\/tempsdetravail.jpg?fit=600%2C400&amp;ssl=1\" data-orig-size=\"600,400\" data-comments-opened=\"1\" data-image-meta=\"{&quot;aperture&quot;:&quot;0&quot;,&quot;credit&quot;:&quot;&quot;,&quot;camera&quot;:&quot;&quot;,&quot;caption&quot;:&quot;&quot;,&quot;created_timestamp&quot;:&quot;0&quot;,&quot;copyright&quot;:&quot;&quot;,&quot;focal_length&quot;:&quot;0&quot;,&quot;iso&quot;:&quot;0&quot;,&quot;shutter_speed&quot;:&quot;0&quot;,&quot;title&quot;:&quot;&quot;,&quot;orientation&quot;:&quot;0&quot;}\" data-image-title=\"tempsdetravail\" data-image-description=\"\" data-image-caption=\"\" data-large-file=\"https:\/\/i0.wp.com\/foastek.fr\/wp-content\/uploads\/2023\/01\/tempsdetravail.jpg?fit=600%2C400&amp;ssl=1\" src=\"https:\/\/i0.wp.com\/foastek.fr\/wp-content\/uploads\/2023\/01\/tempsdetravail.jpg?resize=600%2C400\" alt=\"\" class=\"wp-image-3786\" srcset=\"https:\/\/i0.wp.com\/foastek.fr\/wp-content\/uploads\/2023\/01\/tempsdetravail.jpg?w=600&amp;ssl=1 600w, https:\/\/i0.wp.com\/foastek.fr\/wp-content\/uploads\/2023\/01\/tempsdetravail.jpg?resize=300%2C200&amp;ssl=1 300w\" sizes=\"auto, (max-width: 600px) 100vw, 600px\" \/><\/a><\/figure>\n\n\n\n<p>Il appartient \u00e0 l\u2019employeur de prouver que les dur\u00e9es maximales de travail et les dur\u00e9es minimales de repos, pr\u00e9vues par le droit europ\u00e9en et le droit fran\u00e7ais, ont \u00e9t\u00e9 respect\u00e9es. Il ressort d\u2019un arr\u00eat de la Cour de cassation du 14 d\u00e9cembre 2022 que cette r\u00e8gle s\u2019applique y compris lorsque le salari\u00e9 est en t\u00e9l\u00e9travail.<\/p>\n\n\n\n<p>Cass. soc. 14 d\u00e9cembre 2022, n\u00b0 21-18139 FB, 2e moyen<\/p>\n","protected":false},"excerpt":{"rendered":"<div class=\"mh-excerpt\"><p>Il appartient \u00e0 l\u2019employeur de prouver que les dur\u00e9es maximales de travail et les dur\u00e9es minimales de repos, pr\u00e9vues par le droit europ\u00e9en et le <a class=\"mh-excerpt-more\" href=\"https:\/\/foastek.fr\/?p=3754\" title=\"Respect des dur\u00e9es maximales de travail et du droit au repos : c\u2019est \u00e0 l\u2019employeur de le prouver, y compris en cas de t\u00e9l\u00e9travail\">[&#8230;]<\/a><\/p>\n<\/div>","protected":false},"author":1,"featured_media":4350,"comment_status":"open","ping_status":"open","sticky":false,"template":"","format":"standard","meta":{"h5ap_radio_sources":[],"jetpack_post_was_ever_published":false,"_jetpack_newsletter_access":"","_jetpack_dont_email_post_to_subs":false,"_jetpack_newsletter_tier_id":0,"_jetpack_memberships_contains_paywalled_content":false,"_jetpack_memberships_contains_paid_content":false,"footnotes":"","jetpack_publicize_message":"","jetpack_publicize_feature_enabled":true,"jetpack_social_post_already_shared":true,"jetpack_social_options":{"image_generator_settings":{"template":"highway","default_image_id":0,"font":"","enabled":false},"version":2}},"categories":[2,10],"tags":[323,37,222],"class_list":["post-3754","post","type-post","status-publish","format-standard","has-post-thumbnail","hentry","category-accueil","category-vos-droits","tag-repos","tag-teletravail","tag-temps-de-travail"],"jetpack_publicize_connections":[],"jetpack_featured_media_url":"https:\/\/i0.wp.com\/foastek.fr\/wp-content\/uploads\/2023\/04\/palais_justice.jpg?fit=805%2C453&ssl=1","jetpack_sharing_enabled":true,"jetpack_shortlink":"https:\/\/wp.me\/p77E1E-Yy","jetpack-related-posts":[],"_links":{"self":[{"href":"https:\/\/foastek.fr\/index.php?rest_route=\/wp\/v2\/posts\/3754","targetHints":{"allow":["GET"]}}],"collection":[{"href":"https:\/\/foastek.fr\/index.php?rest_route=\/wp\/v2\/posts"}],"about":[{"href":"https:\/\/foastek.fr\/index.php?rest_route=\/wp\/v2\/types\/post"}],"author":[{"embeddable":true,"href":"https:\/\/foastek.fr\/index.php?rest_route=\/wp\/v2\/users\/1"}],"replies":[{"embeddable":true,"href":"https:\/\/foastek.fr\/index.php?rest_route=%2Fwp%2Fv2%2Fcomments&post=3754"}],"version-history":[{"count":2,"href":"https:\/\/foastek.fr\/index.php?rest_route=\/wp\/v2\/posts\/3754\/revisions"}],"predecessor-version":[{"id":3788,"href":"https:\/\/foastek.fr\/index.php?rest_route=\/wp\/v2\/posts\/3754\/revisions\/3788"}],"wp:featuredmedia":[{"embeddable":true,"href":"https:\/\/foastek.fr\/index.php?rest_route=\/wp\/v2\/media\/4350"}],"wp:attachment":[{"href":"https:\/\/foastek.fr\/index.php?rest_route=%2Fwp%2Fv2%2Fmedia&parent=3754"}],"wp:term":[{"taxonomy":"category","embeddable":true,"href":"https:\/\/foastek.fr\/index.php?rest_route=%2Fwp%2Fv2%2Fcategories&post=3754"},{"taxonomy":"post_tag","embeddable":true,"href":"https:\/\/foastek.fr\/index.php?rest_route=%2Fwp%2Fv2%2Ftags&post=3754"}],"curies":[{"name":"wp","href":"https:\/\/api.w.org\/{rel}","templated":true}]}}